{"id":10012,"date":"2016-09-29T08:36:24","date_gmt":"2016-09-29T08:36:24","guid":{"rendered":"https:\/\/fevas.org\/plena-inclusionek-anai-arreben-iii-topaketa-ospatu-du\/"},"modified":"2025-02-17T12:51:12","modified_gmt":"2025-02-17T12:51:12","slug":"plena-inclusionek-anai-arreben-iii-topaketa-ospatu-du","status":"publish","type":"post","link":"https:\/\/fevas.org\/eu\/plena-inclusionek-anai-arreben-iii-topaketa-ospatu-du\/","title":{"rendered":"Plena inclusi\u00f3nek Anai-arreben III. topaketa ospatu du"},"content":{"rendered":"<!-- RS_MODULE_CODE_2.5.0 --><div id=\"readspeaker_button10012\" class=\"rs_skip rsbtn rs_preserve\"><a class=\"rsbtn_play\" title=\"Escucha esta p&aacute;gina utilizando ReadSpeaker\" accesskey=\"L\" href=\"https:\/\/app-eu.readspeaker.com\/cgi-bin\/rsent?customerid=8933&amp;lang=es_es&amp;readid=rspeak_read_10012&amp;url=https%3A%2F%2Ffevas.org%2Feu%2Fwp-json%2Fwp%2Fv2%2Fposts%2F10012\"><span class=\"rsbtn_left rsimg rspart\"><span class=\"rsbtn_text\"><span>Escuchar<\/span><\/span><\/span><span class=\"rsbtn_right rsimg rsplay rspart\"><\/span><\/a><\/div><div id=\"rspeak_read_10012\"><p>Irailaren 24an eta 25ean, Aragoiko Calatayud herriak \u201cAdimen edo garapen urritasuna duten pertsonen anai-arreben eta koinatuen estatuko Hirugarren Topaketa\u201d <!--more-->jaso zuen, bertako Amibil elkarteak, eta Plena inclusi\u00f3n Arag\u00f3n eta Plena inclusi\u00f3n Espa\u00f1a erakundeek antolatutakoa. 50 senidek, profesionalekin eta adituekin batera, familian eta erakundeetan betetzen duten lekuarekin erlazionatutako gaiak landu zituzten.<\/p>\n<p>Euskadiko Federaziotik joandakoen artean, Elena Beristain (Aspace Gipuzkoa) dago. Bere iritziz, \u201c<em>Urritasun motak, familia ereduak eta Autonomia Erkidego bakoitzeko errealitateak desberdinak diren arren, Topaketan argi geratu zen beharrezkoa dela pertsonarengan eta familian, familia osoan, zentratuta egongo den eta pertsonen autonom\u00eda pertsonala eta autodeterminazioa bultzatuko duen eredu inklusiboa bultzatzea\u201d<\/em><\/p>\n<p>Mikel San Emeteriok (Uribe Kosta), bere aldetik, oso era positiboan baloratu du esperientzia hori, bertan <em>\u201ciritziak konpartitzeko eta ekarpenak egiteko aukera izan baitugu, gure anai-arreben eta koinatuen bizitza hobetzeko eta baita gure buruarekin ondo sentitzeko ere\u201d.<\/em><\/p>\n<p>FEVAS Plena inclusi\u00f3n Euskadiren iritziz, partaidetzarako gune horiek oso balio handia dute, adimen urritasuna duten pertsonek eta beraien familiek behar duten arretari erantzun hobeak ematen laguntzen baitute.<\/p>\n<p><strong>\u00a0<\/strong><\/p>\n<\/div>","protected":false},"excerpt":{"rendered":"<p><!-- RS_MODULE_CODE_2.5.0 --><\/p>\n<div id=\"readspeaker_button10012\" class=\"rs_skip rsbtn rs_preserve\"><a class=\"rsbtn_play\" title=\"Escucha esta p&aacute;gina utilizando ReadSpeaker\" accesskey=\"L\" href=\"https:\/\/app-eu.readspeaker.com\/cgi-bin\/rsent?customerid=8933&amp;lang=es_es&amp;readid=rspeak_read_10012&amp;url=https%3A%2F%2Ffevas.org%2Feu%2Fwp-json%2Fwp%2Fv2%2Fposts%2F10012\"><span class=\"rsbtn_left rsimg rspart\"><span class=\"rsbtn_text\"><span>Escuchar<\/span><\/span><\/span><span class=\"rsbtn_right rsimg rsplay rspart\"><\/span><\/a><\/div>\n<div id=\"rspeak_read_10012\">FEVAS Plena inclusi\u00f3n Euskadiren iritziz, partaidetzarako gune horiek oso balio handia dute, adimen urritasuna duten pertsonek eta beraien familiek behar duten arretari erantzun hobeak ematen laguntzen baitute.<\/div>\n","protected":false},"author":1,"featured_media":9573,"comment_status":"closed","ping_status":"closed","sticky":false,"template":"","format":"standard","meta":{"footnotes":""},"categories":[84],"tags":[],"class_list":["post-10012","post","type-post","status-publish","format-standard","has-post-thumbnail","hentry","category-familia-eu"],"acf":[],"yoast_head":"<!-- This site is optimized with the Yoast SEO plugin v21.9.1 - https:\/\/yoast.com\/wordpress\/plugins\/seo\/ -->\n<title>Plena inclusi\u00f3nek Anai-arreben III. topaketa ospatu du | FEVAS Plena inclusi\u00f3n Euskadi<\/title>\n<meta name=\"description\" content=\"FEVAS Plena inclusi\u00f3n Euskadiren iritziz, partaidetzarako gune horiek oso balio handia dute, adimen urritasuna duten pertsonek eta beraien familiek behar duten arretari erantzun hobeak ematen laguntzen baitute.\" \/>\n<meta name=\"robots\" content=\"index, follow, max-snippet:-1, max-image-preview:large, max-video-preview:-1\" \/>\n<link rel=\"canonical\" href=\"https:\/\/fevas.org\/eu\/plena-inclusionek-anai-arreben-iii-topaketa-ospatu-du\/\" \/>\n<meta property=\"og:locale\" content=\"eu_ES\" \/>\n<meta property=\"og:type\" content=\"article\" \/>\n<meta property=\"og:title\" content=\"Plena inclusi\u00f3nek Anai-arreben III. topaketa ospatu du | FEVAS Plena inclusi\u00f3n Euskadi\" \/>\n<meta property=\"og:description\" content=\"FEVAS Plena inclusi\u00f3n Euskadiren iritziz, partaidetzarako gune horiek oso balio handia dute, adimen urritasuna duten pertsonek eta beraien familiek behar duten arretari erantzun hobeak ematen laguntzen baitute.\" \/>\n<meta property=\"og:url\" content=\"https:\/\/fevas.org\/eu\/plena-inclusionek-anai-arreben-iii-topaketa-ospatu-du\/\" \/>\n<meta property=\"og:site_name\" content=\"FEVAS Plena inclusi\u00f3n Euskadi\" \/>\n<meta property=\"article:published_time\" content=\"2016-09-29T08:36:24+00:00\" \/>\n<meta property=\"article:modified_time\" content=\"2025-02-17T12:51:12+00:00\" \/>\n<meta property=\"og:image\" content=\"https:\/\/fevas.org\/wp-content\/uploads\/2024\/01\/foto-calatayud.jpg\" \/>\n\t<meta property=\"og:image:width\" content=\"1328\" \/>\n\t<meta property=\"og:image:height\" content=\"747\" \/>\n\t<meta property=\"og:image:type\" content=\"image\/jpeg\" \/>\n<meta name=\"author\" content=\"Last Dock\" \/>\n<meta name=\"twitter:card\" content=\"summary_large_image\" \/>\n<meta name=\"twitter:label1\" content=\"Written by\" \/>\n\t<meta name=\"twitter:data1\" content=\"Last Dock\" \/>\n\t<meta name=\"twitter:label2\" content=\"Est. reading time\" \/>\n\t<meta name=\"twitter:data2\" content=\"1 minute\" \/>\n<script type=\"application\/ld+json\" class=\"yoast-schema-graph\">{\"@context\":\"https:\/\/schema.org\",\"@graph\":[{\"@type\":\"Article\",\"@id\":\"https:\/\/fevas.org\/eu\/plena-inclusionek-anai-arreben-iii-topaketa-ospatu-du\/#article\",\"isPartOf\":{\"@id\":\"https:\/\/fevas.org\/eu\/plena-inclusionek-anai-arreben-iii-topaketa-ospatu-du\/\"},\"author\":{\"name\":\"Last Dock\",\"@id\":\"https:\/\/fevas.org\/#\/schema\/person\/92cf0692af4ef8e4dea64c3894817f34\"},\"headline\":\"Plena inclusi\u00f3nek Anai-arreben III. topaketa ospatu du\",\"datePublished\":\"2016-09-29T08:36:24+00:00\",\"dateModified\":\"2025-02-17T12:51:12+00:00\",\"mainEntityOfPage\":{\"@id\":\"https:\/\/fevas.org\/eu\/plena-inclusionek-anai-arreben-iii-topaketa-ospatu-du\/\"},\"wordCount\":174,\"publisher\":{\"@id\":\"https:\/\/fevas.org\/#organization\"},\"articleSection\":[\"Familia\"],\"inLanguage\":\"eu-ES\"},{\"@type\":\"WebPage\",\"@id\":\"https:\/\/fevas.org\/eu\/plena-inclusionek-anai-arreben-iii-topaketa-ospatu-du\/\",\"url\":\"https:\/\/fevas.org\/eu\/plena-inclusionek-anai-arreben-iii-topaketa-ospatu-du\/\",\"name\":\"Plena inclusi\u00f3nek Anai-arreben III. topaketa ospatu du | FEVAS Plena inclusi\u00f3n Euskadi\",\"isPartOf\":{\"@id\":\"https:\/\/fevas.org\/#website\"},\"datePublished\":\"2016-09-29T08:36:24+00:00\",\"dateModified\":\"2025-02-17T12:51:12+00:00\",\"description\":\"FEVAS Plena inclusi\u00f3n Euskadiren iritziz, partaidetzarako gune horiek oso balio handia dute, adimen urritasuna duten pertsonek eta beraien familiek behar duten arretari erantzun hobeak ematen laguntzen baitute.\",\"breadcrumb\":{\"@id\":\"https:\/\/fevas.org\/eu\/plena-inclusionek-anai-arreben-iii-topaketa-ospatu-du\/#breadcrumb\"},\"inLanguage\":\"eu-ES\",\"potentialAction\":[{\"@type\":\"ReadAction\",\"target\":[\"https:\/\/fevas.org\/eu\/plena-inclusionek-anai-arreben-iii-topaketa-ospatu-du\/\"]}]},{\"@type\":\"BreadcrumbList\",\"@id\":\"https:\/\/fevas.org\/eu\/plena-inclusionek-anai-arreben-iii-topaketa-ospatu-du\/#breadcrumb\",\"itemListElement\":[{\"@type\":\"ListItem\",\"position\":1,\"name\":\"Inicio\",\"item\":\"https:\/\/fevas.org\/\"},{\"@type\":\"ListItem\",\"position\":2,\"name\":\"Familia\",\"item\":\"https:\/\/fevas.org\/eu\/category\/familia-eu\/\"},{\"@type\":\"ListItem\",\"position\":3,\"name\":\"Plena inclusi\u00f3nek Anai-arreben III. topaketa ospatu du\"}]},{\"@type\":\"WebSite\",\"@id\":\"https:\/\/fevas.org\/#website\",\"url\":\"https:\/\/fevas.org\/\",\"name\":\"FEVAS Plena inclusi\u00f3n Euskadi\",\"description\":\"Somos una asociaci\u00f3n de entidades que trabaja por los derechos de las personas con discapacidad intelectual o del desarrollo y de sus familias\",\"publisher\":{\"@id\":\"https:\/\/fevas.org\/#organization\"},\"potentialAction\":[{\"@type\":\"SearchAction\",\"target\":{\"@type\":\"EntryPoint\",\"urlTemplate\":\"https:\/\/fevas.org\/?s={search_term_string}\"},\"query-input\":\"required name=search_term_string\"}],\"inLanguage\":\"eu-ES\"},{\"@type\":\"Organization\",\"@id\":\"https:\/\/fevas.org\/#organization\",\"name\":\"FEVAS\",\"url\":\"https:\/\/fevas.org\/\",\"logo\":{\"@type\":\"ImageObject\",\"inLanguage\":\"eu-ES\",\"@id\":\"https:\/\/fevas.org\/#\/schema\/logo\/image\/\",\"url\":\"https:\/\/fevas.org\/wp-content\/uploads\/2024\/01\/fevas-logo.png\",\"contentUrl\":\"https:\/\/fevas.org\/wp-content\/uploads\/2024\/01\/fevas-logo.png\",\"width\":193,\"height\":162,\"caption\":\"FEVAS\"},\"image\":{\"@id\":\"https:\/\/fevas.org\/#\/schema\/logo\/image\/\"}},{\"@type\":\"Person\",\"@id\":\"https:\/\/fevas.org\/#\/schema\/person\/92cf0692af4ef8e4dea64c3894817f34\",\"name\":\"Last Dock\",\"image\":{\"@type\":\"ImageObject\",\"inLanguage\":\"eu-ES\",\"@id\":\"https:\/\/fevas.org\/#\/schema\/person\/image\/\",\"url\":\"https:\/\/secure.gravatar.com\/avatar\/91cbf691847101bd39c422d588a5bf6151cb7e34847461e3e36f63d085d1ea14?s=96&d=mm&r=g\",\"contentUrl\":\"https:\/\/secure.gravatar.com\/avatar\/91cbf691847101bd39c422d588a5bf6151cb7e34847461e3e36f63d085d1ea14?s=96&d=mm&r=g\",\"caption\":\"Last Dock\"},\"sameAs\":[\"https:\/\/fevas.org\"],\"url\":\"https:\/\/fevas.org\/eu\/author\/usr-fev\/\"}]}<\/script>\n<!-- \/ Yoast SEO plugin. -->","yoast_head_json":{"title":"Plena inclusi\u00f3nek Anai-arreben III. topaketa ospatu du | FEVAS Plena inclusi\u00f3n Euskadi","description":"FEVAS Plena inclusi\u00f3n Euskadiren iritziz, partaidetzarako gune horiek oso balio handia dute, adimen urritasuna duten pertsonek eta beraien familiek behar duten arretari erantzun hobeak ematen laguntzen baitute.","robots":{"index":"index","follow":"follow","max-snippet":"max-snippet:-1","max-image-preview":"max-image-preview:large","max-video-preview":"max-video-preview:-1"},"canonical":"https:\/\/fevas.org\/eu\/plena-inclusionek-anai-arreben-iii-topaketa-ospatu-du\/","og_locale":"eu_ES","og_type":"article","og_title":"Plena inclusi\u00f3nek Anai-arreben III. topaketa ospatu du | FEVAS Plena inclusi\u00f3n Euskadi","og_description":"FEVAS Plena inclusi\u00f3n Euskadiren iritziz, partaidetzarako gune horiek oso balio handia dute, adimen urritasuna duten pertsonek eta beraien familiek behar duten arretari erantzun hobeak ematen laguntzen baitute.","og_url":"https:\/\/fevas.org\/eu\/plena-inclusionek-anai-arreben-iii-topaketa-ospatu-du\/","og_site_name":"FEVAS Plena inclusi\u00f3n Euskadi","article_published_time":"2016-09-29T08:36:24+00:00","article_modified_time":"2025-02-17T12:51:12+00:00","og_image":[{"width":1328,"height":747,"url":"https:\/\/fevas.org\/wp-content\/uploads\/2024\/01\/foto-calatayud.jpg","type":"image\/jpeg"}],"author":"Last Dock","twitter_card":"summary_large_image","twitter_misc":{"Written by":"Last Dock","Est. reading time":"1 minute"},"schema":{"@context":"https:\/\/schema.org","@graph":[{"@type":"Article","@id":"https:\/\/fevas.org\/eu\/plena-inclusionek-anai-arreben-iii-topaketa-ospatu-du\/#article","isPartOf":{"@id":"https:\/\/fevas.org\/eu\/plena-inclusionek-anai-arreben-iii-topaketa-ospatu-du\/"},"author":{"name":"Last Dock","@id":"https:\/\/fevas.org\/#\/schema\/person\/92cf0692af4ef8e4dea64c3894817f34"},"headline":"Plena inclusi\u00f3nek Anai-arreben III. topaketa ospatu du","datePublished":"2016-09-29T08:36:24+00:00","dateModified":"2025-02-17T12:51:12+00:00","mainEntityOfPage":{"@id":"https:\/\/fevas.org\/eu\/plena-inclusionek-anai-arreben-iii-topaketa-ospatu-du\/"},"wordCount":174,"publisher":{"@id":"https:\/\/fevas.org\/#organization"},"articleSection":["Familia"],"inLanguage":"eu-ES"},{"@type":"WebPage","@id":"https:\/\/fevas.org\/eu\/plena-inclusionek-anai-arreben-iii-topaketa-ospatu-du\/","url":"https:\/\/fevas.org\/eu\/plena-inclusionek-anai-arreben-iii-topaketa-ospatu-du\/","name":"Plena inclusi\u00f3nek Anai-arreben III. topaketa ospatu du | FEVAS Plena inclusi\u00f3n Euskadi","isPartOf":{"@id":"https:\/\/fevas.org\/#website"},"datePublished":"2016-09-29T08:36:24+00:00","dateModified":"2025-02-17T12:51:12+00:00","description":"FEVAS Plena inclusi\u00f3n Euskadiren iritziz, partaidetzarako gune horiek oso balio handia dute, adimen urritasuna duten pertsonek eta beraien familiek behar duten arretari erantzun hobeak ematen laguntzen baitute.","breadcrumb":{"@id":"https:\/\/fevas.org\/eu\/plena-inclusionek-anai-arreben-iii-topaketa-ospatu-du\/#breadcrumb"},"inLanguage":"eu-ES","potentialAction":[{"@type":"ReadAction","target":["https:\/\/fevas.org\/eu\/plena-inclusionek-anai-arreben-iii-topaketa-ospatu-du\/"]}]},{"@type":"BreadcrumbList","@id":"https:\/\/fevas.org\/eu\/plena-inclusionek-anai-arreben-iii-topaketa-ospatu-du\/#breadcrumb","itemListElement":[{"@type":"ListItem","position":1,"name":"Inicio","item":"https:\/\/fevas.org\/"},{"@type":"ListItem","position":2,"name":"Familia","item":"https:\/\/fevas.org\/eu\/category\/familia-eu\/"},{"@type":"ListItem","position":3,"name":"Plena inclusi\u00f3nek Anai-arreben III. topaketa ospatu du"}]},{"@type":"WebSite","@id":"https:\/\/fevas.org\/#website","url":"https:\/\/fevas.org\/","name":"FEVAS Plena inclusi\u00f3n Euskadi","description":"Somos una asociaci\u00f3n de entidades que trabaja por los derechos de las personas con discapacidad intelectual o del desarrollo y de sus familias","publisher":{"@id":"https:\/\/fevas.org\/#organization"},"potentialAction":[{"@type":"SearchAction","target":{"@type":"EntryPoint","urlTemplate":"https:\/\/fevas.org\/?s={search_term_string}"},"query-input":"required name=search_term_string"}],"inLanguage":"eu-ES"},{"@type":"Organization","@id":"https:\/\/fevas.org\/#organization","name":"FEVAS","url":"https:\/\/fevas.org\/","logo":{"@type":"ImageObject","inLanguage":"eu-ES","@id":"https:\/\/fevas.org\/#\/schema\/logo\/image\/","url":"https:\/\/fevas.org\/wp-content\/uploads\/2024\/01\/fevas-logo.png","contentUrl":"https:\/\/fevas.org\/wp-content\/uploads\/2024\/01\/fevas-logo.png","width":193,"height":162,"caption":"FEVAS"},"image":{"@id":"https:\/\/fevas.org\/#\/schema\/logo\/image\/"}},{"@type":"Person","@id":"https:\/\/fevas.org\/#\/schema\/person\/92cf0692af4ef8e4dea64c3894817f34","name":"Last Dock","image":{"@type":"ImageObject","inLanguage":"eu-ES","@id":"https:\/\/fevas.org\/#\/schema\/person\/image\/","url":"https:\/\/secure.gravatar.com\/avatar\/91cbf691847101bd39c422d588a5bf6151cb7e34847461e3e36f63d085d1ea14?s=96&d=mm&r=g","contentUrl":"https:\/\/secure.gravatar.com\/avatar\/91cbf691847101bd39c422d588a5bf6151cb7e34847461e3e36f63d085d1ea14?s=96&d=mm&r=g","caption":"Last Dock"},"sameAs":["https:\/\/fevas.org"],"url":"https:\/\/fevas.org\/eu\/author\/usr-fev\/"}]}},"_links":{"self":[{"href":"https:\/\/fevas.org\/eu\/wp-json\/wp\/v2\/posts\/10012","targetHints":{"allow":["GET"]}}],"collection":[{"href":"https:\/\/fevas.org\/eu\/wp-json\/wp\/v2\/posts"}],"about":[{"href":"https:\/\/fevas.org\/eu\/wp-json\/wp\/v2\/types\/post"}],"author":[{"embeddable":true,"href":"https:\/\/fevas.org\/eu\/wp-json\/wp\/v2\/users\/1"}],"replies":[{"embeddable":true,"href":"https:\/\/fevas.org\/eu\/wp-json\/wp\/v2\/comments?post=10012"}],"version-history":[{"count":2,"href":"https:\/\/fevas.org\/eu\/wp-json\/wp\/v2\/posts\/10012\/revisions"}],"predecessor-version":[{"id":14320,"href":"https:\/\/fevas.org\/eu\/wp-json\/wp\/v2\/posts\/10012\/revisions\/14320"}],"wp:featuredmedia":[{"embeddable":true,"href":"https:\/\/fevas.org\/eu\/wp-json\/wp\/v2\/media\/9573"}],"wp:attachment":[{"href":"https:\/\/fevas.org\/eu\/wp-json\/wp\/v2\/media?parent=10012"}],"wp:term":[{"taxonomy":"category","embeddable":true,"href":"https:\/\/fevas.org\/eu\/wp-json\/wp\/v2\/categories?post=10012"},{"taxonomy":"post_tag","embeddable":true,"href":"https:\/\/fevas.org\/eu\/wp-json\/wp\/v2\/tags?post=10012"}],"curies":[{"name":"wp","href":"https:\/\/api.w.org\/{rel}","templated":true}]}}