{"id":10041,"date":"2017-03-09T15:42:50","date_gmt":"2017-03-09T15:42:50","guid":{"rendered":"https:\/\/fevas.org\/hablamos-de-maltrato-izeneko-gure-gida-emakumea-eta-urritasuna-gaiari-buruzko-nazioarteko-kongresuan\/"},"modified":"2025-02-17T12:07:02","modified_gmt":"2025-02-17T12:07:02","slug":"hablamos-de-maltrato-izeneko-gure-gida-emakumea-eta-urritasuna-gaiari-buruzko-nazioarteko-kongresuan","status":"publish","type":"post","link":"https:\/\/fevas.org\/eu\/hablamos-de-maltrato-izeneko-gure-gida-emakumea-eta-urritasuna-gaiari-buruzko-nazioarteko-kongresuan\/","title":{"rendered":"\u201cHablamos de maltrato\u201d izeneko gure gida Emakumea eta Urritasuna gaiari buruzko Nazioarteko Kongresuan"},"content":{"rendered":"<!-- RS_MODULE_CODE_2.5.0 --><div id=\"readspeaker_button10041\" class=\"rs_skip rsbtn rs_preserve\"><a class=\"rsbtn_play\" title=\"Escucha esta p&aacute;gina utilizando ReadSpeaker\" accesskey=\"L\" href=\"https:\/\/app-eu.readspeaker.com\/cgi-bin\/rsent?customerid=8933&amp;lang=es_es&amp;readid=rspeak_read_10041&amp;url=https%3A%2F%2Ffevas.org%2Feu%2Fwp-json%2Fwp%2Fv2%2Fposts%2F10041\"><span class=\"rsbtn_left rsimg rspart\"><span class=\"rsbtn_text\"><span>Escuchar<\/span><\/span><\/span><span class=\"rsbtn_right rsimg rsplay rspart\"><\/span><\/a><\/div><div id=\"rspeak_read_10041\"><p>Otsailaren 28an eta martxoaren 1ean \u201cCruzando Fronteras\u201d izeneko Emakumea eta Urritasuna gaiari buruzko Kongresua egin zen Avilan.<!--more--> Kongresuak hogei hizlari inguru eta poster formatuko jardunbide onen erakusketa izan zituen. Poster horietako bat <span style=\"color: #339966;\">\u201c<a href=\"https:\/\/fevas.org-old\/eu\/?wpfb_dl=110\">Hablamos de maltrato\u201d<\/a><\/span> gure gidari buruzkoa izan zen. FEVASek Irakurketa Errazean egin duen eta adimen edo garapen urritasuna duten pertsonei eta horien laguntzaileei zuzenduta dagoen argitalpenaren xedea gai horretan sakontzea da, arazoa identifikatzen eta prebenitzen laguntzeko.<\/p>\n<p>Plena inclusi\u00f3n Castilla y Le\u00f3nek, Gaztela-Leongo Juntak eta Erkidego horretako CERMIk antolatu duten nazioarteko ekitaldiak 550 pertsona elkartu zituen, urritasunaren errealitatea generoaren ikuspegitik lantzeko. Arlo horretako zenbait adituk, Ana Pel\u00e1ez CERMI Mujeres Fundazioko Presidenteorde betearazleak, Bel\u00e9n Guti\u00e9rrez \u201cDiscapacidad intelectual y violencia de g\u00e9nero\u201d ikastaroaren zuzendariak, edo M\u00f3nica Cort\u00e9s ugalketa teknikan espezialista den kolonbiarrak, gai horri buruzko euren ikuspegia eman zuten. Horrez gain, urritasuna duten emakumeek beraien lekukotza zuzena eskaini zuten, urritasunak euren bizitzan ezartzen dituen oztopoei buruz. Horien artean azpimarragarria izan zen Senada Halil\u010devi\u0107 Inclusi\u00f3n Europako Presidenteordearen hitzaldia.<\/p>\n<p>Amaiera ekitaldian, Juan P\u00e9rez Plena inclusi\u00f3n Castilla y Le\u00f3neko presidenteak, Letizia Erreginaren eta Dolors Montserrat Osasun, Gizarte Zerbitzu eta Berdintasun ministroaren aurrean, \u201cpolitikek, urritasuna duten emakumeak eta neskak barne\u00a0 hartzeko aukera emango duen bide bikoitzeko ikuspegia har dezatela\u201d eskatu zuen. Ana Pel\u00e1ezek, bere aldetik, munduko leku askotan oraindik ere emakumeen eta nesken eskubideak egunero zapaltzen direla azpimarratu zuen, are gehiago adimen urritasuna dutenenak, eta kongresua, \u201cmilurteko honetan urritasuna duten emakumeei buruzko gogoeta egiteko aukera dugun lehen aldia\u201d dela esan zuen.<\/p>\n<\/div>","protected":false},"excerpt":{"rendered":"<p><!-- RS_MODULE_CODE_2.5.0 --><\/p>\n<div id=\"readspeaker_button10041\" class=\"rs_skip rsbtn rs_preserve\"><a class=\"rsbtn_play\" title=\"Escucha esta p&aacute;gina utilizando ReadSpeaker\" accesskey=\"L\" href=\"https:\/\/app-eu.readspeaker.com\/cgi-bin\/rsent?customerid=8933&amp;lang=es_es&amp;readid=rspeak_read_10041&amp;url=https%3A%2F%2Ffevas.org%2Feu%2Fwp-json%2Fwp%2Fv2%2Fposts%2F10041\"><span class=\"rsbtn_left rsimg rspart\"><span class=\"rsbtn_text\"><span>Escuchar<\/span><\/span><\/span><span class=\"rsbtn_right rsimg rsplay rspart\"><\/span><\/a><\/div>\n<div id=\"rspeak_read_10041\">Otsailaren 28an eta martxoaren 1ean \u201cCruzando Fronteras\u201d izeneko Emakumea eta Urritasuna gaiari buruzko Kongresua egin zen Avilan. Kongresuak hogei hizlari inguru eta poster formatuko jardunbide onen erakusketa izan zituen. Poster horietako bat \u201cHablamos de maltrato\u201d gure gidari buruzkoa izan zen.<\/div>\n","protected":false},"author":1,"featured_media":9606,"comment_status":"closed","ping_status":"closed","sticky":false,"template":"","format":"standard","meta":{"footnotes":""},"categories":[82],"tags":[],"class_list":["post-10041","post","type-post","status-publish","format-standard","has-post-thumbnail","hentry","category-etika"],"acf":[],"yoast_head":"<!-- This site is optimized with the Yoast SEO plugin v21.9.1 - https:\/\/yoast.com\/wordpress\/plugins\/seo\/ -->\n<title>\u201cHablamos de maltrato\u201d izeneko gure gida Emakumea eta Urritasuna gaiari buruzko Nazioarteko Kongresuan | FEVAS Plena inclusi\u00f3n Euskadi<\/title>\n<meta name=\"description\" content=\"Otsailaren 28an eta martxoaren 1ean \u201cCruzando Fronteras\u201d izeneko Emakumea eta Urritasuna gaiari buruzko Kongresua egin zen Avilan. Kongresuak hogei hizlari inguru eta poster formatuko jardunbide onen erakusketa izan zituen. Poster horietako bat \u201cHablamos de maltrato\u201d gure gidari buruzkoa izan zen.\" \/>\n<meta name=\"robots\" content=\"index, follow, max-snippet:-1, max-image-preview:large, max-video-preview:-1\" \/>\n<link rel=\"canonical\" href=\"https:\/\/fevas.org\/eu\/hablamos-de-maltrato-izeneko-gure-gida-emakumea-eta-urritasuna-gaiari-buruzko-nazioarteko-kongresuan\/\" \/>\n<meta property=\"og:locale\" content=\"eu_ES\" \/>\n<meta property=\"og:type\" content=\"article\" \/>\n<meta property=\"og:title\" content=\"\u201cHablamos de maltrato\u201d izeneko gure gida Emakumea eta Urritasuna gaiari buruzko Nazioarteko Kongresuan | FEVAS Plena inclusi\u00f3n Euskadi\" \/>\n<meta property=\"og:description\" content=\"Otsailaren 28an eta martxoaren 1ean \u201cCruzando Fronteras\u201d izeneko Emakumea eta Urritasuna gaiari buruzko Kongresua egin zen Avilan. Kongresuak hogei hizlari inguru eta poster formatuko jardunbide onen erakusketa izan zituen. Poster horietako bat \u201cHablamos de maltrato\u201d gure gidari buruzkoa izan zen.\" \/>\n<meta property=\"og:url\" content=\"https:\/\/fevas.org\/eu\/hablamos-de-maltrato-izeneko-gure-gida-emakumea-eta-urritasuna-gaiari-buruzko-nazioarteko-kongresuan\/\" \/>\n<meta property=\"og:site_name\" content=\"FEVAS Plena inclusi\u00f3n Euskadi\" \/>\n<meta property=\"article:published_time\" content=\"2017-03-09T15:42:50+00:00\" \/>\n<meta property=\"article:modified_time\" content=\"2025-02-17T12:07:02+00:00\" \/>\n<meta property=\"og:image\" content=\"https:\/\/fevas.org\/wp-content\/uploads\/2024\/01\/AVILA.jpg\" \/>\n\t<meta property=\"og:image:width\" content=\"1600\" \/>\n\t<meta property=\"og:image:height\" content=\"790\" \/>\n\t<meta property=\"og:image:type\" content=\"image\/jpeg\" \/>\n<meta name=\"author\" content=\"Last Dock\" \/>\n<meta name=\"twitter:card\" content=\"summary_large_image\" \/>\n<meta name=\"twitter:label1\" content=\"Written by\" \/>\n\t<meta name=\"twitter:data1\" content=\"Last Dock\" \/>\n\t<meta name=\"twitter:label2\" content=\"Est. reading time\" \/>\n\t<meta name=\"twitter:data2\" content=\"2 minutes\" \/>\n<script type=\"application\/ld+json\" class=\"yoast-schema-graph\">{\"@context\":\"https:\/\/schema.org\",\"@graph\":[{\"@type\":\"Article\",\"@id\":\"https:\/\/fevas.org\/eu\/hablamos-de-maltrato-izeneko-gure-gida-emakumea-eta-urritasuna-gaiari-buruzko-nazioarteko-kongresuan\/#article\",\"isPartOf\":{\"@id\":\"https:\/\/fevas.org\/eu\/hablamos-de-maltrato-izeneko-gure-gida-emakumea-eta-urritasuna-gaiari-buruzko-nazioarteko-kongresuan\/\"},\"author\":{\"name\":\"Last Dock\",\"@id\":\"https:\/\/fevas.org\/#\/schema\/person\/92cf0692af4ef8e4dea64c3894817f34\"},\"headline\":\"\u201cHablamos de maltrato\u201d izeneko gure gida Emakumea eta Urritasuna gaiari buruzko Nazioarteko Kongresuan\",\"datePublished\":\"2017-03-09T15:42:50+00:00\",\"dateModified\":\"2025-02-17T12:07:02+00:00\",\"mainEntityOfPage\":{\"@id\":\"https:\/\/fevas.org\/eu\/hablamos-de-maltrato-izeneko-gure-gida-emakumea-eta-urritasuna-gaiari-buruzko-nazioarteko-kongresuan\/\"},\"wordCount\":262,\"publisher\":{\"@id\":\"https:\/\/fevas.org\/#organization\"},\"articleSection\":[\"Etika\"],\"inLanguage\":\"eu-ES\"},{\"@type\":\"WebPage\",\"@id\":\"https:\/\/fevas.org\/eu\/hablamos-de-maltrato-izeneko-gure-gida-emakumea-eta-urritasuna-gaiari-buruzko-nazioarteko-kongresuan\/\",\"url\":\"https:\/\/fevas.org\/eu\/hablamos-de-maltrato-izeneko-gure-gida-emakumea-eta-urritasuna-gaiari-buruzko-nazioarteko-kongresuan\/\",\"name\":\"\u201cHablamos de maltrato\u201d izeneko gure gida Emakumea eta Urritasuna gaiari buruzko Nazioarteko Kongresuan | FEVAS Plena inclusi\u00f3n Euskadi\",\"isPartOf\":{\"@id\":\"https:\/\/fevas.org\/#website\"},\"datePublished\":\"2017-03-09T15:42:50+00:00\",\"dateModified\":\"2025-02-17T12:07:02+00:00\",\"description\":\"Otsailaren 28an eta martxoaren 1ean \u201cCruzando Fronteras\u201d izeneko Emakumea eta Urritasuna gaiari buruzko Kongresua egin zen Avilan. Kongresuak hogei hizlari inguru eta poster formatuko jardunbide onen erakusketa izan zituen. Poster horietako bat \u201cHablamos de maltrato\u201d gure gidari buruzkoa izan zen.\",\"breadcrumb\":{\"@id\":\"https:\/\/fevas.org\/eu\/hablamos-de-maltrato-izeneko-gure-gida-emakumea-eta-urritasuna-gaiari-buruzko-nazioarteko-kongresuan\/#breadcrumb\"},\"inLanguage\":\"eu-ES\",\"potentialAction\":[{\"@type\":\"ReadAction\",\"target\":[\"https:\/\/fevas.org\/eu\/hablamos-de-maltrato-izeneko-gure-gida-emakumea-eta-urritasuna-gaiari-buruzko-nazioarteko-kongresuan\/\"]}]},{\"@type\":\"BreadcrumbList\",\"@id\":\"https:\/\/fevas.org\/eu\/hablamos-de-maltrato-izeneko-gure-gida-emakumea-eta-urritasuna-gaiari-buruzko-nazioarteko-kongresuan\/#breadcrumb\",\"itemListElement\":[{\"@type\":\"ListItem\",\"position\":1,\"name\":\"Inicio\",\"item\":\"https:\/\/fevas.org\/\"},{\"@type\":\"ListItem\",\"position\":2,\"name\":\"Etika\",\"item\":\"https:\/\/fevas.org\/eu\/category\/etika\/\"},{\"@type\":\"ListItem\",\"position\":3,\"name\":\"\u201cHablamos de maltrato\u201d izeneko gure gida Emakumea eta Urritasuna gaiari buruzko Nazioarteko Kongresuan\"}]},{\"@type\":\"WebSite\",\"@id\":\"https:\/\/fevas.org\/#website\",\"url\":\"https:\/\/fevas.org\/\",\"name\":\"FEVAS Plena inclusi\u00f3n Euskadi\",\"description\":\"Somos una asociaci\u00f3n de entidades que trabaja por los derechos de las personas con discapacidad intelectual o del desarrollo y de sus familias\",\"publisher\":{\"@id\":\"https:\/\/fevas.org\/#organization\"},\"potentialAction\":[{\"@type\":\"SearchAction\",\"target\":{\"@type\":\"EntryPoint\",\"urlTemplate\":\"https:\/\/fevas.org\/?s={search_term_string}\"},\"query-input\":\"required name=search_term_string\"}],\"inLanguage\":\"eu-ES\"},{\"@type\":\"Organization\",\"@id\":\"https:\/\/fevas.org\/#organization\",\"name\":\"FEVAS\",\"url\":\"https:\/\/fevas.org\/\",\"logo\":{\"@type\":\"ImageObject\",\"inLanguage\":\"eu-ES\",\"@id\":\"https:\/\/fevas.org\/#\/schema\/logo\/image\/\",\"url\":\"https:\/\/fevas.org\/wp-content\/uploads\/2024\/01\/fevas-logo.png\",\"contentUrl\":\"https:\/\/fevas.org\/wp-content\/uploads\/2024\/01\/fevas-logo.png\",\"width\":193,\"height\":162,\"caption\":\"FEVAS\"},\"image\":{\"@id\":\"https:\/\/fevas.org\/#\/schema\/logo\/image\/\"}},{\"@type\":\"Person\",\"@id\":\"https:\/\/fevas.org\/#\/schema\/person\/92cf0692af4ef8e4dea64c3894817f34\",\"name\":\"Last Dock\",\"image\":{\"@type\":\"ImageObject\",\"inLanguage\":\"eu-ES\",\"@id\":\"https:\/\/fevas.org\/#\/schema\/person\/image\/\",\"url\":\"https:\/\/secure.gravatar.com\/avatar\/91cbf691847101bd39c422d588a5bf6151cb7e34847461e3e36f63d085d1ea14?s=96&d=mm&r=g\",\"contentUrl\":\"https:\/\/secure.gravatar.com\/avatar\/91cbf691847101bd39c422d588a5bf6151cb7e34847461e3e36f63d085d1ea14?s=96&d=mm&r=g\",\"caption\":\"Last Dock\"},\"sameAs\":[\"https:\/\/fevas.org\"],\"url\":\"https:\/\/fevas.org\/eu\/author\/usr-fev\/\"}]}<\/script>\n<!-- \/ Yoast SEO plugin. -->","yoast_head_json":{"title":"\u201cHablamos de maltrato\u201d izeneko gure gida Emakumea eta Urritasuna gaiari buruzko Nazioarteko Kongresuan | FEVAS Plena inclusi\u00f3n Euskadi","description":"Otsailaren 28an eta martxoaren 1ean \u201cCruzando Fronteras\u201d izeneko Emakumea eta Urritasuna gaiari buruzko Kongresua egin zen Avilan. Kongresuak hogei hizlari inguru eta poster formatuko jardunbide onen erakusketa izan zituen. Poster horietako bat \u201cHablamos de maltrato\u201d gure gidari buruzkoa izan zen.","robots":{"index":"index","follow":"follow","max-snippet":"max-snippet:-1","max-image-preview":"max-image-preview:large","max-video-preview":"max-video-preview:-1"},"canonical":"https:\/\/fevas.org\/eu\/hablamos-de-maltrato-izeneko-gure-gida-emakumea-eta-urritasuna-gaiari-buruzko-nazioarteko-kongresuan\/","og_locale":"eu_ES","og_type":"article","og_title":"\u201cHablamos de maltrato\u201d izeneko gure gida Emakumea eta Urritasuna gaiari buruzko Nazioarteko Kongresuan | FEVAS Plena inclusi\u00f3n Euskadi","og_description":"Otsailaren 28an eta martxoaren 1ean \u201cCruzando Fronteras\u201d izeneko Emakumea eta Urritasuna gaiari buruzko Kongresua egin zen Avilan. Kongresuak hogei hizlari inguru eta poster formatuko jardunbide onen erakusketa izan zituen. Poster horietako bat \u201cHablamos de maltrato\u201d gure gidari buruzkoa izan zen.","og_url":"https:\/\/fevas.org\/eu\/hablamos-de-maltrato-izeneko-gure-gida-emakumea-eta-urritasuna-gaiari-buruzko-nazioarteko-kongresuan\/","og_site_name":"FEVAS Plena inclusi\u00f3n Euskadi","article_published_time":"2017-03-09T15:42:50+00:00","article_modified_time":"2025-02-17T12:07:02+00:00","og_image":[{"width":1600,"height":790,"url":"https:\/\/fevas.org\/wp-content\/uploads\/2024\/01\/AVILA.jpg","type":"image\/jpeg"}],"author":"Last Dock","twitter_card":"summary_large_image","twitter_misc":{"Written by":"Last Dock","Est. reading time":"2 minutes"},"schema":{"@context":"https:\/\/schema.org","@graph":[{"@type":"Article","@id":"https:\/\/fevas.org\/eu\/hablamos-de-maltrato-izeneko-gure-gida-emakumea-eta-urritasuna-gaiari-buruzko-nazioarteko-kongresuan\/#article","isPartOf":{"@id":"https:\/\/fevas.org\/eu\/hablamos-de-maltrato-izeneko-gure-gida-emakumea-eta-urritasuna-gaiari-buruzko-nazioarteko-kongresuan\/"},"author":{"name":"Last Dock","@id":"https:\/\/fevas.org\/#\/schema\/person\/92cf0692af4ef8e4dea64c3894817f34"},"headline":"\u201cHablamos de maltrato\u201d izeneko gure gida Emakumea eta Urritasuna gaiari buruzko Nazioarteko Kongresuan","datePublished":"2017-03-09T15:42:50+00:00","dateModified":"2025-02-17T12:07:02+00:00","mainEntityOfPage":{"@id":"https:\/\/fevas.org\/eu\/hablamos-de-maltrato-izeneko-gure-gida-emakumea-eta-urritasuna-gaiari-buruzko-nazioarteko-kongresuan\/"},"wordCount":262,"publisher":{"@id":"https:\/\/fevas.org\/#organization"},"articleSection":["Etika"],"inLanguage":"eu-ES"},{"@type":"WebPage","@id":"https:\/\/fevas.org\/eu\/hablamos-de-maltrato-izeneko-gure-gida-emakumea-eta-urritasuna-gaiari-buruzko-nazioarteko-kongresuan\/","url":"https:\/\/fevas.org\/eu\/hablamos-de-maltrato-izeneko-gure-gida-emakumea-eta-urritasuna-gaiari-buruzko-nazioarteko-kongresuan\/","name":"\u201cHablamos de maltrato\u201d izeneko gure gida Emakumea eta Urritasuna gaiari buruzko Nazioarteko Kongresuan | FEVAS Plena inclusi\u00f3n Euskadi","isPartOf":{"@id":"https:\/\/fevas.org\/#website"},"datePublished":"2017-03-09T15:42:50+00:00","dateModified":"2025-02-17T12:07:02+00:00","description":"Otsailaren 28an eta martxoaren 1ean \u201cCruzando Fronteras\u201d izeneko Emakumea eta Urritasuna gaiari buruzko Kongresua egin zen Avilan. Kongresuak hogei hizlari inguru eta poster formatuko jardunbide onen erakusketa izan zituen. Poster horietako bat \u201cHablamos de maltrato\u201d gure gidari buruzkoa izan zen.","breadcrumb":{"@id":"https:\/\/fevas.org\/eu\/hablamos-de-maltrato-izeneko-gure-gida-emakumea-eta-urritasuna-gaiari-buruzko-nazioarteko-kongresuan\/#breadcrumb"},"inLanguage":"eu-ES","potentialAction":[{"@type":"ReadAction","target":["https:\/\/fevas.org\/eu\/hablamos-de-maltrato-izeneko-gure-gida-emakumea-eta-urritasuna-gaiari-buruzko-nazioarteko-kongresuan\/"]}]},{"@type":"BreadcrumbList","@id":"https:\/\/fevas.org\/eu\/hablamos-de-maltrato-izeneko-gure-gida-emakumea-eta-urritasuna-gaiari-buruzko-nazioarteko-kongresuan\/#breadcrumb","itemListElement":[{"@type":"ListItem","position":1,"name":"Inicio","item":"https:\/\/fevas.org\/"},{"@type":"ListItem","position":2,"name":"Etika","item":"https:\/\/fevas.org\/eu\/category\/etika\/"},{"@type":"ListItem","position":3,"name":"\u201cHablamos de maltrato\u201d izeneko gure gida Emakumea eta Urritasuna gaiari buruzko Nazioarteko Kongresuan"}]},{"@type":"WebSite","@id":"https:\/\/fevas.org\/#website","url":"https:\/\/fevas.org\/","name":"FEVAS Plena inclusi\u00f3n Euskadi","description":"Somos una asociaci\u00f3n de entidades que trabaja por los derechos de las personas con discapacidad intelectual o del desarrollo y de sus familias","publisher":{"@id":"https:\/\/fevas.org\/#organization"},"potentialAction":[{"@type":"SearchAction","target":{"@type":"EntryPoint","urlTemplate":"https:\/\/fevas.org\/?s={search_term_string}"},"query-input":"required name=search_term_string"}],"inLanguage":"eu-ES"},{"@type":"Organization","@id":"https:\/\/fevas.org\/#organization","name":"FEVAS","url":"https:\/\/fevas.org\/","logo":{"@type":"ImageObject","inLanguage":"eu-ES","@id":"https:\/\/fevas.org\/#\/schema\/logo\/image\/","url":"https:\/\/fevas.org\/wp-content\/uploads\/2024\/01\/fevas-logo.png","contentUrl":"https:\/\/fevas.org\/wp-content\/uploads\/2024\/01\/fevas-logo.png","width":193,"height":162,"caption":"FEVAS"},"image":{"@id":"https:\/\/fevas.org\/#\/schema\/logo\/image\/"}},{"@type":"Person","@id":"https:\/\/fevas.org\/#\/schema\/person\/92cf0692af4ef8e4dea64c3894817f34","name":"Last Dock","image":{"@type":"ImageObject","inLanguage":"eu-ES","@id":"https:\/\/fevas.org\/#\/schema\/person\/image\/","url":"https:\/\/secure.gravatar.com\/avatar\/91cbf691847101bd39c422d588a5bf6151cb7e34847461e3e36f63d085d1ea14?s=96&d=mm&r=g","contentUrl":"https:\/\/secure.gravatar.com\/avatar\/91cbf691847101bd39c422d588a5bf6151cb7e34847461e3e36f63d085d1ea14?s=96&d=mm&r=g","caption":"Last Dock"},"sameAs":["https:\/\/fevas.org"],"url":"https:\/\/fevas.org\/eu\/author\/usr-fev\/"}]}},"_links":{"self":[{"href":"https:\/\/fevas.org\/eu\/wp-json\/wp\/v2\/posts\/10041","targetHints":{"allow":["GET"]}}],"collection":[{"href":"https:\/\/fevas.org\/eu\/wp-json\/wp\/v2\/posts"}],"about":[{"href":"https:\/\/fevas.org\/eu\/wp-json\/wp\/v2\/types\/post"}],"author":[{"embeddable":true,"href":"https:\/\/fevas.org\/eu\/wp-json\/wp\/v2\/users\/1"}],"replies":[{"embeddable":true,"href":"https:\/\/fevas.org\/eu\/wp-json\/wp\/v2\/comments?post=10041"}],"version-history":[{"count":2,"href":"https:\/\/fevas.org\/eu\/wp-json\/wp\/v2\/posts\/10041\/revisions"}],"predecessor-version":[{"id":14290,"href":"https:\/\/fevas.org\/eu\/wp-json\/wp\/v2\/posts\/10041\/revisions\/14290"}],"wp:featuredmedia":[{"embeddable":true,"href":"https:\/\/fevas.org\/eu\/wp-json\/wp\/v2\/media\/9606"}],"wp:attachment":[{"href":"https:\/\/fevas.org\/eu\/wp-json\/wp\/v2\/media?parent=10041"}],"wp:term":[{"taxonomy":"category","embeddable":true,"href":"https:\/\/fevas.org\/eu\/wp-json\/wp\/v2\/categories?post=10041"},{"taxonomy":"post_tag","embeddable":true,"href":"https:\/\/fevas.org\/eu\/wp-json\/wp\/v2\/tags?post=10041"}],"curies":[{"name":"wp","href":"https:\/\/api.w.org\/{rel}","templated":true}]}}