{"id":10078,"date":"2017-05-18T09:13:31","date_gmt":"2017-05-18T09:13:31","guid":{"rendered":"https:\/\/fevas.org\/plena-inclusioneko-presidenteak-eta-zuzendariak-euskadi-bisitatu-dute\/"},"modified":"2025-02-17T11:47:32","modified_gmt":"2025-02-17T11:47:32","slug":"plena-inclusioneko-presidenteak-eta-zuzendariak-euskadi-bisitatu-dute","status":"publish","type":"post","link":"https:\/\/fevas.org\/eu\/plena-inclusioneko-presidenteak-eta-zuzendariak-euskadi-bisitatu-dute\/","title":{"rendered":"Plena inclusi\u00f3neko Presidenteak eta Zuzendariak Euskadi bisitatu dute"},"content":{"rendered":"<!-- RS_MODULE_CODE_2.5.0 --><div id=\"readspeaker_button10078\" class=\"rs_skip rsbtn rs_preserve\"><a class=\"rsbtn_play\" title=\"Escucha esta p&aacute;gina utilizando ReadSpeaker\" accesskey=\"L\" href=\"https:\/\/app-eu.readspeaker.com\/cgi-bin\/rsent?customerid=8933&amp;lang=es_es&amp;readid=rspeak_read_10078&amp;url=https%3A%2F%2Ffevas.org%2Feu%2Fwp-json%2Fwp%2Fv2%2Fposts%2F10078\"><span class=\"rsbtn_left rsimg rspart\"><span class=\"rsbtn_text\"><span>Escuchar<\/span><\/span><\/span><span class=\"rsbtn_right rsimg rsplay rspart\"><\/span><\/a><\/div><div id=\"rspeak_read_10078\"><p>Santiago L\u00f3pezek eta Enrique Galv\u00e1nek, <em><!--more-->Plena inclusi\u00f3neko <\/em>presidenteaketa zuzendariak,hurrenez hurren, lan jardunaldi bateanhartu zuten parte atzo, asteazkenean, maiatzaren 17an, <em>FEVAS Plena inclusi\u00f3n Euskadirekin. <\/em>Jardunaldian federatutako erakundeetako ordezkariek hartu zuten parte.<\/p>\n<p><em>Plena inclusi\u00f3neko <\/em>presidenteak balioan jarri zituen euskal erakundeen lorpenak, duten bazkide kopuruarengatik eta zerbitzu sarearen kalitatearengatik. Azpimarratu zuenez, familiak dira oraindik ere, elkarte mugimenduaren DNA, eta une hauetan, nortasun zeinu hori galdu barik, gizartera zabaltzeko etaadimen urritasuna duten pertsonei protagonismo handiagoa emateko erronkei egin behar diegu aurre. Halaber, gure elkarte egiturak erantzun behar dituen beste erronka batzuk ere aipatu zituen, adimen urritasuna duten pertsonen zahartzea, teknologia, biztanleriaren aniztasuna, enplegua eta zerbitzuen eraldaketa, besteak beste.<\/p>\n<p>Galv\u00e1nek, bere aldetik, erakundearen 9 helburuak azaldu zituen, adimen urritasuna duten pertsonen erabateko hiritartasunaren, familian zentratutako laguntza politiken sustapenaren eta gure xedearekin eta balioekin bat etorriko den esparru juridiko berriaren errebindikazioaren aldeko apustu erradikala azpimarratuz.<\/p>\n<p>Esku-hartze horien ondoren, proiektu komunaren beste alderdi batzuen eta Plena inclusi\u00f3n barruan dauden erakundeek aurrera eraman beharreko estrategien inguruko solasaldia sortu zen.<\/p>\n<p>Valeria Garc\u00eda-Landarte Euskal Federazioaren zuzendariak modu positiboan baloratzen ditu topaketa horiek, elkarte mugimendua bateratzen eta gizartean duen lekua indartzen laguntzen baitute.<\/p>\n<\/div>","protected":false},"excerpt":{"rendered":"<p><!-- RS_MODULE_CODE_2.5.0 --><\/p>\n<div id=\"readspeaker_button10078\" class=\"rs_skip rsbtn rs_preserve\"><a class=\"rsbtn_play\" title=\"Escucha esta p&aacute;gina utilizando ReadSpeaker\" accesskey=\"L\" href=\"https:\/\/app-eu.readspeaker.com\/cgi-bin\/rsent?customerid=8933&amp;lang=es_es&amp;readid=rspeak_read_10078&amp;url=https%3A%2F%2Ffevas.org%2Feu%2Fwp-json%2Fwp%2Fv2%2Fposts%2F10078\"><span class=\"rsbtn_left rsimg rspart\"><span class=\"rsbtn_text\"><span>Escuchar<\/span><\/span><\/span><span class=\"rsbtn_right rsimg rsplay rspart\"><\/span><\/a><\/div>\n<div id=\"rspeak_read_10078\">Santiago L\u00f3pezek eta Enrique Galv\u00e1nek, Plena inclusi\u00f3neko presidenteaketa zuzendariak, hurrenez hurren, lan jardunaldi bateanhartu zuten parte atzo, maiatzaren 17an, FEVAS Plena inclusi\u00f3n Euskadirekin.<\/div>\n","protected":false},"author":1,"featured_media":9627,"comment_status":"closed","ping_status":"closed","sticky":false,"template":"","format":"standard","meta":{"footnotes":""},"categories":[87],"tags":[],"class_list":["post-10078","post","type-post","status-publish","format-standard","has-post-thumbnail","hentry","category-beste-batzuk"],"acf":[],"yoast_head":"<!-- This site is optimized with the Yoast SEO plugin v21.9.1 - https:\/\/yoast.com\/wordpress\/plugins\/seo\/ -->\n<title>Plena inclusi\u00f3neko Presidenteak eta Zuzendariak Euskadi bisitatu dute | FEVAS Plena inclusi\u00f3n Euskadi<\/title>\n<meta name=\"description\" content=\"Santiago L\u00f3pezek eta Enrique Galv\u00e1nek, Plena inclusi\u00f3neko presidenteaketa zuzendariak, hurrenez hurren, lan jardunaldi bateanhartu zuten parte atzo, maiatzaren 17an, FEVAS Plena inclusi\u00f3n Euskadirekin.\" \/>\n<meta name=\"robots\" content=\"index, follow, max-snippet:-1, max-image-preview:large, max-video-preview:-1\" \/>\n<link rel=\"canonical\" href=\"https:\/\/fevas.org\/eu\/plena-inclusioneko-presidenteak-eta-zuzendariak-euskadi-bisitatu-dute\/\" \/>\n<meta property=\"og:locale\" content=\"eu_ES\" \/>\n<meta property=\"og:type\" content=\"article\" \/>\n<meta property=\"og:title\" content=\"Plena inclusi\u00f3neko Presidenteak eta Zuzendariak Euskadi bisitatu dute | FEVAS Plena inclusi\u00f3n Euskadi\" \/>\n<meta property=\"og:description\" content=\"Santiago L\u00f3pezek eta Enrique Galv\u00e1nek, Plena inclusi\u00f3neko presidenteaketa zuzendariak, hurrenez hurren, lan jardunaldi bateanhartu zuten parte atzo, maiatzaren 17an, FEVAS Plena inclusi\u00f3n Euskadirekin.\" \/>\n<meta property=\"og:url\" content=\"https:\/\/fevas.org\/eu\/plena-inclusioneko-presidenteak-eta-zuzendariak-euskadi-bisitatu-dute\/\" \/>\n<meta property=\"og:site_name\" content=\"FEVAS Plena inclusi\u00f3n Euskadi\" \/>\n<meta property=\"article:published_time\" content=\"2017-05-18T09:13:31+00:00\" \/>\n<meta property=\"article:modified_time\" content=\"2025-02-17T11:47:32+00:00\" \/>\n<meta property=\"og:image\" content=\"https:\/\/fevas.org\/wp-content\/uploads\/2024\/01\/santiago-ok.jpg\" \/>\n\t<meta property=\"og:image:width\" content=\"1189\" \/>\n\t<meta property=\"og:image:height\" content=\"629\" \/>\n\t<meta property=\"og:image:type\" content=\"image\/jpeg\" \/>\n<meta name=\"author\" content=\"Last Dock\" \/>\n<meta name=\"twitter:card\" content=\"summary_large_image\" \/>\n<meta name=\"twitter:label1\" content=\"Written by\" \/>\n\t<meta name=\"twitter:data1\" content=\"Last Dock\" \/>\n\t<meta name=\"twitter:label2\" content=\"Est. reading time\" \/>\n\t<meta name=\"twitter:data2\" content=\"2 minutes\" \/>\n<script type=\"application\/ld+json\" class=\"yoast-schema-graph\">{\"@context\":\"https:\/\/schema.org\",\"@graph\":[{\"@type\":\"Article\",\"@id\":\"https:\/\/fevas.org\/eu\/plena-inclusioneko-presidenteak-eta-zuzendariak-euskadi-bisitatu-dute\/#article\",\"isPartOf\":{\"@id\":\"https:\/\/fevas.org\/eu\/plena-inclusioneko-presidenteak-eta-zuzendariak-euskadi-bisitatu-dute\/\"},\"author\":{\"name\":\"Last Dock\",\"@id\":\"https:\/\/fevas.org\/#\/schema\/person\/92cf0692af4ef8e4dea64c3894817f34\"},\"headline\":\"Plena inclusi\u00f3neko Presidenteak eta Zuzendariak Euskadi bisitatu dute\",\"datePublished\":\"2017-05-18T09:13:31+00:00\",\"dateModified\":\"2025-02-17T11:47:32+00:00\",\"mainEntityOfPage\":{\"@id\":\"https:\/\/fevas.org\/eu\/plena-inclusioneko-presidenteak-eta-zuzendariak-euskadi-bisitatu-dute\/\"},\"wordCount\":199,\"publisher\":{\"@id\":\"https:\/\/fevas.org\/#organization\"},\"articleSection\":[\"Beste Batzuk\"],\"inLanguage\":\"eu-ES\"},{\"@type\":\"WebPage\",\"@id\":\"https:\/\/fevas.org\/eu\/plena-inclusioneko-presidenteak-eta-zuzendariak-euskadi-bisitatu-dute\/\",\"url\":\"https:\/\/fevas.org\/eu\/plena-inclusioneko-presidenteak-eta-zuzendariak-euskadi-bisitatu-dute\/\",\"name\":\"Plena inclusi\u00f3neko Presidenteak eta Zuzendariak Euskadi bisitatu dute | FEVAS Plena inclusi\u00f3n Euskadi\",\"isPartOf\":{\"@id\":\"https:\/\/fevas.org\/#website\"},\"datePublished\":\"2017-05-18T09:13:31+00:00\",\"dateModified\":\"2025-02-17T11:47:32+00:00\",\"description\":\"Santiago L\u00f3pezek eta Enrique Galv\u00e1nek, Plena inclusi\u00f3neko presidenteaketa zuzendariak, hurrenez hurren, lan jardunaldi bateanhartu zuten parte atzo, maiatzaren 17an, FEVAS Plena inclusi\u00f3n Euskadirekin.\",\"breadcrumb\":{\"@id\":\"https:\/\/fevas.org\/eu\/plena-inclusioneko-presidenteak-eta-zuzendariak-euskadi-bisitatu-dute\/#breadcrumb\"},\"inLanguage\":\"eu-ES\",\"potentialAction\":[{\"@type\":\"ReadAction\",\"target\":[\"https:\/\/fevas.org\/eu\/plena-inclusioneko-presidenteak-eta-zuzendariak-euskadi-bisitatu-dute\/\"]}]},{\"@type\":\"BreadcrumbList\",\"@id\":\"https:\/\/fevas.org\/eu\/plena-inclusioneko-presidenteak-eta-zuzendariak-euskadi-bisitatu-dute\/#breadcrumb\",\"itemListElement\":[{\"@type\":\"ListItem\",\"position\":1,\"name\":\"Inicio\",\"item\":\"https:\/\/fevas.org\/\"},{\"@type\":\"ListItem\",\"position\":2,\"name\":\"Beste Batzuk\",\"item\":\"https:\/\/fevas.org\/eu\/category\/beste-batzuk\/\"},{\"@type\":\"ListItem\",\"position\":3,\"name\":\"Plena inclusi\u00f3neko Presidenteak eta Zuzendariak Euskadi bisitatu dute\"}]},{\"@type\":\"WebSite\",\"@id\":\"https:\/\/fevas.org\/#website\",\"url\":\"https:\/\/fevas.org\/\",\"name\":\"FEVAS Plena inclusi\u00f3n Euskadi\",\"description\":\"Somos una asociaci\u00f3n de entidades que trabaja por los derechos de las personas con discapacidad intelectual o del desarrollo y de sus familias\",\"publisher\":{\"@id\":\"https:\/\/fevas.org\/#organization\"},\"potentialAction\":[{\"@type\":\"SearchAction\",\"target\":{\"@type\":\"EntryPoint\",\"urlTemplate\":\"https:\/\/fevas.org\/?s={search_term_string}\"},\"query-input\":\"required name=search_term_string\"}],\"inLanguage\":\"eu-ES\"},{\"@type\":\"Organization\",\"@id\":\"https:\/\/fevas.org\/#organization\",\"name\":\"FEVAS\",\"url\":\"https:\/\/fevas.org\/\",\"logo\":{\"@type\":\"ImageObject\",\"inLanguage\":\"eu-ES\",\"@id\":\"https:\/\/fevas.org\/#\/schema\/logo\/image\/\",\"url\":\"https:\/\/fevas.org\/wp-content\/uploads\/2024\/01\/fevas-logo.png\",\"contentUrl\":\"https:\/\/fevas.org\/wp-content\/uploads\/2024\/01\/fevas-logo.png\",\"width\":193,\"height\":162,\"caption\":\"FEVAS\"},\"image\":{\"@id\":\"https:\/\/fevas.org\/#\/schema\/logo\/image\/\"}},{\"@type\":\"Person\",\"@id\":\"https:\/\/fevas.org\/#\/schema\/person\/92cf0692af4ef8e4dea64c3894817f34\",\"name\":\"Last Dock\",\"image\":{\"@type\":\"ImageObject\",\"inLanguage\":\"eu-ES\",\"@id\":\"https:\/\/fevas.org\/#\/schema\/person\/image\/\",\"url\":\"https:\/\/secure.gravatar.com\/avatar\/91cbf691847101bd39c422d588a5bf6151cb7e34847461e3e36f63d085d1ea14?s=96&d=mm&r=g\",\"contentUrl\":\"https:\/\/secure.gravatar.com\/avatar\/91cbf691847101bd39c422d588a5bf6151cb7e34847461e3e36f63d085d1ea14?s=96&d=mm&r=g\",\"caption\":\"Last Dock\"},\"sameAs\":[\"https:\/\/fevas.org\"],\"url\":\"https:\/\/fevas.org\/eu\/author\/usr-fev\/\"}]}<\/script>\n<!-- \/ Yoast SEO plugin. -->","yoast_head_json":{"title":"Plena inclusi\u00f3neko Presidenteak eta Zuzendariak Euskadi bisitatu dute | FEVAS Plena inclusi\u00f3n Euskadi","description":"Santiago L\u00f3pezek eta Enrique Galv\u00e1nek, Plena inclusi\u00f3neko presidenteaketa zuzendariak, hurrenez hurren, lan jardunaldi bateanhartu zuten parte atzo, maiatzaren 17an, FEVAS Plena inclusi\u00f3n Euskadirekin.","robots":{"index":"index","follow":"follow","max-snippet":"max-snippet:-1","max-image-preview":"max-image-preview:large","max-video-preview":"max-video-preview:-1"},"canonical":"https:\/\/fevas.org\/eu\/plena-inclusioneko-presidenteak-eta-zuzendariak-euskadi-bisitatu-dute\/","og_locale":"eu_ES","og_type":"article","og_title":"Plena inclusi\u00f3neko Presidenteak eta Zuzendariak Euskadi bisitatu dute | FEVAS Plena inclusi\u00f3n Euskadi","og_description":"Santiago L\u00f3pezek eta Enrique Galv\u00e1nek, Plena inclusi\u00f3neko presidenteaketa zuzendariak, hurrenez hurren, lan jardunaldi bateanhartu zuten parte atzo, maiatzaren 17an, FEVAS Plena inclusi\u00f3n Euskadirekin.","og_url":"https:\/\/fevas.org\/eu\/plena-inclusioneko-presidenteak-eta-zuzendariak-euskadi-bisitatu-dute\/","og_site_name":"FEVAS Plena inclusi\u00f3n Euskadi","article_published_time":"2017-05-18T09:13:31+00:00","article_modified_time":"2025-02-17T11:47:32+00:00","og_image":[{"width":1189,"height":629,"url":"https:\/\/fevas.org\/wp-content\/uploads\/2024\/01\/santiago-ok.jpg","type":"image\/jpeg"}],"author":"Last Dock","twitter_card":"summary_large_image","twitter_misc":{"Written by":"Last Dock","Est. reading time":"2 minutes"},"schema":{"@context":"https:\/\/schema.org","@graph":[{"@type":"Article","@id":"https:\/\/fevas.org\/eu\/plena-inclusioneko-presidenteak-eta-zuzendariak-euskadi-bisitatu-dute\/#article","isPartOf":{"@id":"https:\/\/fevas.org\/eu\/plena-inclusioneko-presidenteak-eta-zuzendariak-euskadi-bisitatu-dute\/"},"author":{"name":"Last Dock","@id":"https:\/\/fevas.org\/#\/schema\/person\/92cf0692af4ef8e4dea64c3894817f34"},"headline":"Plena inclusi\u00f3neko Presidenteak eta Zuzendariak Euskadi bisitatu dute","datePublished":"2017-05-18T09:13:31+00:00","dateModified":"2025-02-17T11:47:32+00:00","mainEntityOfPage":{"@id":"https:\/\/fevas.org\/eu\/plena-inclusioneko-presidenteak-eta-zuzendariak-euskadi-bisitatu-dute\/"},"wordCount":199,"publisher":{"@id":"https:\/\/fevas.org\/#organization"},"articleSection":["Beste Batzuk"],"inLanguage":"eu-ES"},{"@type":"WebPage","@id":"https:\/\/fevas.org\/eu\/plena-inclusioneko-presidenteak-eta-zuzendariak-euskadi-bisitatu-dute\/","url":"https:\/\/fevas.org\/eu\/plena-inclusioneko-presidenteak-eta-zuzendariak-euskadi-bisitatu-dute\/","name":"Plena inclusi\u00f3neko Presidenteak eta Zuzendariak Euskadi bisitatu dute | FEVAS Plena inclusi\u00f3n Euskadi","isPartOf":{"@id":"https:\/\/fevas.org\/#website"},"datePublished":"2017-05-18T09:13:31+00:00","dateModified":"2025-02-17T11:47:32+00:00","description":"Santiago L\u00f3pezek eta Enrique Galv\u00e1nek, Plena inclusi\u00f3neko presidenteaketa zuzendariak, hurrenez hurren, lan jardunaldi bateanhartu zuten parte atzo, maiatzaren 17an, FEVAS Plena inclusi\u00f3n Euskadirekin.","breadcrumb":{"@id":"https:\/\/fevas.org\/eu\/plena-inclusioneko-presidenteak-eta-zuzendariak-euskadi-bisitatu-dute\/#breadcrumb"},"inLanguage":"eu-ES","potentialAction":[{"@type":"ReadAction","target":["https:\/\/fevas.org\/eu\/plena-inclusioneko-presidenteak-eta-zuzendariak-euskadi-bisitatu-dute\/"]}]},{"@type":"BreadcrumbList","@id":"https:\/\/fevas.org\/eu\/plena-inclusioneko-presidenteak-eta-zuzendariak-euskadi-bisitatu-dute\/#breadcrumb","itemListElement":[{"@type":"ListItem","position":1,"name":"Inicio","item":"https:\/\/fevas.org\/"},{"@type":"ListItem","position":2,"name":"Beste Batzuk","item":"https:\/\/fevas.org\/eu\/category\/beste-batzuk\/"},{"@type":"ListItem","position":3,"name":"Plena inclusi\u00f3neko Presidenteak eta Zuzendariak Euskadi bisitatu dute"}]},{"@type":"WebSite","@id":"https:\/\/fevas.org\/#website","url":"https:\/\/fevas.org\/","name":"FEVAS Plena inclusi\u00f3n Euskadi","description":"Somos una asociaci\u00f3n de entidades que trabaja por los derechos de las personas con discapacidad intelectual o del desarrollo y de sus familias","publisher":{"@id":"https:\/\/fevas.org\/#organization"},"potentialAction":[{"@type":"SearchAction","target":{"@type":"EntryPoint","urlTemplate":"https:\/\/fevas.org\/?s={search_term_string}"},"query-input":"required name=search_term_string"}],"inLanguage":"eu-ES"},{"@type":"Organization","@id":"https:\/\/fevas.org\/#organization","name":"FEVAS","url":"https:\/\/fevas.org\/","logo":{"@type":"ImageObject","inLanguage":"eu-ES","@id":"https:\/\/fevas.org\/#\/schema\/logo\/image\/","url":"https:\/\/fevas.org\/wp-content\/uploads\/2024\/01\/fevas-logo.png","contentUrl":"https:\/\/fevas.org\/wp-content\/uploads\/2024\/01\/fevas-logo.png","width":193,"height":162,"caption":"FEVAS"},"image":{"@id":"https:\/\/fevas.org\/#\/schema\/logo\/image\/"}},{"@type":"Person","@id":"https:\/\/fevas.org\/#\/schema\/person\/92cf0692af4ef8e4dea64c3894817f34","name":"Last Dock","image":{"@type":"ImageObject","inLanguage":"eu-ES","@id":"https:\/\/fevas.org\/#\/schema\/person\/image\/","url":"https:\/\/secure.gravatar.com\/avatar\/91cbf691847101bd39c422d588a5bf6151cb7e34847461e3e36f63d085d1ea14?s=96&d=mm&r=g","contentUrl":"https:\/\/secure.gravatar.com\/avatar\/91cbf691847101bd39c422d588a5bf6151cb7e34847461e3e36f63d085d1ea14?s=96&d=mm&r=g","caption":"Last Dock"},"sameAs":["https:\/\/fevas.org"],"url":"https:\/\/fevas.org\/eu\/author\/usr-fev\/"}]}},"_links":{"self":[{"href":"https:\/\/fevas.org\/eu\/wp-json\/wp\/v2\/posts\/10078","targetHints":{"allow":["GET"]}}],"collection":[{"href":"https:\/\/fevas.org\/eu\/wp-json\/wp\/v2\/posts"}],"about":[{"href":"https:\/\/fevas.org\/eu\/wp-json\/wp\/v2\/types\/post"}],"author":[{"embeddable":true,"href":"https:\/\/fevas.org\/eu\/wp-json\/wp\/v2\/users\/1"}],"replies":[{"embeddable":true,"href":"https:\/\/fevas.org\/eu\/wp-json\/wp\/v2\/comments?post=10078"}],"version-history":[{"count":2,"href":"https:\/\/fevas.org\/eu\/wp-json\/wp\/v2\/posts\/10078\/revisions"}],"predecessor-version":[{"id":14279,"href":"https:\/\/fevas.org\/eu\/wp-json\/wp\/v2\/posts\/10078\/revisions\/14279"}],"wp:featuredmedia":[{"embeddable":true,"href":"https:\/\/fevas.org\/eu\/wp-json\/wp\/v2\/media\/9627"}],"wp:attachment":[{"href":"https:\/\/fevas.org\/eu\/wp-json\/wp\/v2\/media?parent=10078"}],"wp:term":[{"taxonomy":"category","embeddable":true,"href":"https:\/\/fevas.org\/eu\/wp-json\/wp\/v2\/categories?post=10078"},{"taxonomy":"post_tag","embeddable":true,"href":"https:\/\/fevas.org\/eu\/wp-json\/wp\/v2\/tags?post=10078"}],"curies":[{"name":"wp","href":"https:\/\/api.w.org\/{rel}","templated":true}]}}