{"id":10101,"date":"2017-12-01T11:38:49","date_gmt":"2017-12-01T11:38:49","guid":{"rendered":"https:\/\/fevas.org\/fevasek-irisgarritasun-kognitiborako-eskubidea-aldarrikatzen-du\/"},"modified":"2025-02-17T11:23:59","modified_gmt":"2025-02-17T11:23:59","slug":"fevasek-irisgarritasun-kognitiborako-eskubidea-aldarrikatzen-du","status":"publish","type":"post","link":"https:\/\/fevas.org\/eu\/fevasek-irisgarritasun-kognitiborako-eskubidea-aldarrikatzen-du\/","title":{"rendered":"FEVASek irisgarritasun kognitiborako eskubidea aldarrikatzen du"},"content":{"rendered":"<!-- RS_MODULE_CODE_2.5.0 --><div id=\"readspeaker_button10101\" class=\"rs_skip rsbtn rs_preserve\"><a class=\"rsbtn_play\" title=\"Escucha esta p&aacute;gina utilizando ReadSpeaker\" accesskey=\"L\" href=\"https:\/\/app-eu.readspeaker.com\/cgi-bin\/rsent?customerid=8933&amp;lang=es_es&amp;readid=rspeak_read_10101&amp;url=https%3A%2F%2Ffevas.org%2Feu%2Fwp-json%2Fwp%2Fv2%2Fposts%2F10101\"><span class=\"rsbtn_left rsimg rspart\"><span class=\"rsbtn_text\"><span>Escuchar<\/span><\/span><\/span><span class=\"rsbtn_right rsimg rsplay rspart\"><\/span><\/a><\/div><div id=\"rspeak_read_10101\"><p>Atzo, azaroak 30, Bilboko Euskalduna Jauregian egindako jardunaldian,90 pertsona bildu zituen FEVASek irisgarritasun kolektiboaaldarrikatzeko eta hari buruz gogoeta egiteko, Desgaitasuna duten PertsonenEskubideei buruz NBEren Konbentzioan aitortutako eskubidea <!--more-->dela kontuan izanda.<\/p>\n<p>FEVASko presidenteorde Josean Idoetak eta Bizkaiko Foru Aldundiko Gizartekintza Saileko Pertsonen Autonomia Sustatzeko zuzendari nagusi Sergio Murillok egindako irekiera ofizialaren ondoren, irisgarritasun kognitiboaren aldeko FEVAS Manifestua aurkeztu zen. Erlantz Burgos (Aspace Bizkaia), Laura Lajas (Apdema), Maite Fern\u00e1ndez (Gaude) eta C\u00e9sar Casta\u00f1eda (Gorabide) izan ziren dokumentu hori irakurri zutenak, eta esparru horretan desgaitasun intelektuala edo garapenaren desgaitasuna duten pertsonen aldarrikapenak biltzen ditu dokumentuak.<\/p>\n<p>Ondoren, bi ponentzia eskaini ziren; bata, \u201cIrisgarritasun kognitiboa ingurunean\u201d, CEAPAT-IMSERSOko Arkitektura\/Irisgarritasun Arloko arduradun Cristina Larrazen eskutik, eta, bestea, \u201cOndo orientatzen al dugu irisgarritasun kognitiboa?\u201d, Plena Inclusi\u00f3n Madrid elkarteko Irisgarritasun Kognitiboko Arloko arduradun \u00d3scar Garc\u00edaren eskutik.<\/p>\n<p>Jardunaldiaren itxieran FEVASko zuzendari Valeria Garc\u00eda-Landartek eta Eusko Jaurlaritzako Gizarte Politiketako sailburuorde Lide Amilibiak esku hartu zuten.<\/p>\n<p>Era berean, eta jardunaldi horren osagarri gisa, aldizkari bat argitaratu du FEVASek, erraz irakurtzeko moduan idatzitakoa oso-osorik, eta bertan, Irisgarritasunaren aldeko Manifestuaz gain, adituei eta desgaitasun intelektuala duten pertsonei egindako elkarrizketak aurki daitezke, zenbait erakunderekin garatutako esperientziekin batera, beste hainbat edukiren artean.<\/p>\n<p>FEVASentzat, irisgarritasun kognitiboaz hitz egitea desgaitasun intelektuala edo garapenaren desgaitasuna duten pertsonen aukera-berdintasunaren edo ahalduntzearen aldeko apustua egitea da, eta, hori horrela, arlo horretan eragingo duten politika eta estrategiak diseinatzeko eskatzen die agente guztiei.<\/p>\n<\/div>","protected":false},"excerpt":{"rendered":"<p><!-- RS_MODULE_CODE_2.5.0 --><\/p>\n<div id=\"readspeaker_button10101\" class=\"rs_skip rsbtn rs_preserve\"><a class=\"rsbtn_play\" title=\"Escucha esta p&aacute;gina utilizando ReadSpeaker\" accesskey=\"L\" href=\"https:\/\/app-eu.readspeaker.com\/cgi-bin\/rsent?customerid=8933&amp;lang=es_es&amp;readid=rspeak_read_10101&amp;url=https%3A%2F%2Ffevas.org%2Feu%2Fwp-json%2Fwp%2Fv2%2Fposts%2F10101\"><span class=\"rsbtn_left rsimg rspart\"><span class=\"rsbtn_text\"><span>Escuchar<\/span><\/span><\/span><span class=\"rsbtn_right rsimg rsplay rspart\"><\/span><\/a><\/div>\n<div id=\"rspeak_read_10101\">Atzo, azaroak 30, Bilboko Euskalduna Jauregian egindako jardunaldian,90 pertsona bildu zituen FEVASek irisgarritasun kolektiboaaldarrikatzeko eta hari buruz gogoeta egiteko, Desgaitasuna duten Pertsonen Eskubideei buruz NBEren Konbentzioan aitortutako eskubidea dela kontuan izanda.<\/div>\n","protected":false},"author":1,"featured_media":9660,"comment_status":"closed","ping_status":"closed","sticky":false,"template":"","format":"standard","meta":{"footnotes":""},"categories":[79],"tags":[],"class_list":["post-10101","post","type-post","status-publish","format-standard","has-post-thumbnail","hentry","category-irisgarritasuna"],"acf":[],"yoast_head":"<!-- This site is optimized with the Yoast SEO plugin v21.9.1 - https:\/\/yoast.com\/wordpress\/plugins\/seo\/ -->\n<title>FEVASek irisgarritasun kognitiborako eskubidea aldarrikatzen du | FEVAS Plena inclusi\u00f3n Euskadi<\/title>\n<meta name=\"description\" content=\"Atzo, azaroak 30, Bilboko Euskalduna Jauregian egindako jardunaldian,90 pertsona bildu zituen FEVASek irisgarritasun kolektiboaaldarrikatzeko eta hari buruz gogoeta egiteko, Desgaitasuna duten Pertsonen Eskubideei buruz NBEren Konbentzioan aitortutako eskubidea dela kontuan izanda.\" \/>\n<meta name=\"robots\" content=\"index, follow, max-snippet:-1, max-image-preview:large, max-video-preview:-1\" \/>\n<link rel=\"canonical\" href=\"https:\/\/fevas.org\/eu\/fevasek-irisgarritasun-kognitiborako-eskubidea-aldarrikatzen-du\/\" \/>\n<meta property=\"og:locale\" content=\"eu_ES\" \/>\n<meta property=\"og:type\" content=\"article\" \/>\n<meta property=\"og:title\" content=\"FEVASek irisgarritasun kognitiborako eskubidea aldarrikatzen du | FEVAS Plena inclusi\u00f3n Euskadi\" \/>\n<meta property=\"og:description\" content=\"Atzo, azaroak 30, Bilboko Euskalduna Jauregian egindako jardunaldian,90 pertsona bildu zituen FEVASek irisgarritasun kolektiboaaldarrikatzeko eta hari buruz gogoeta egiteko, Desgaitasuna duten Pertsonen Eskubideei buruz NBEren Konbentzioan aitortutako eskubidea dela kontuan izanda.\" \/>\n<meta property=\"og:url\" content=\"https:\/\/fevas.org\/eu\/fevasek-irisgarritasun-kognitiborako-eskubidea-aldarrikatzen-du\/\" \/>\n<meta property=\"og:site_name\" content=\"FEVAS Plena inclusi\u00f3n Euskadi\" \/>\n<meta property=\"article:published_time\" content=\"2017-12-01T11:38:49+00:00\" \/>\n<meta property=\"article:modified_time\" content=\"2025-02-17T11:23:59+00:00\" \/>\n<meta property=\"og:image\" content=\"https:\/\/fevas.org\/wp-content\/uploads\/2024\/01\/jornada-ok-e1512129170660.jpg\" \/>\n\t<meta property=\"og:image:width\" content=\"1000\" \/>\n\t<meta property=\"og:image:height\" content=\"576\" \/>\n\t<meta property=\"og:image:type\" content=\"image\/jpeg\" \/>\n<meta name=\"author\" content=\"Last Dock\" \/>\n<meta name=\"twitter:card\" content=\"summary_large_image\" \/>\n<meta name=\"twitter:label1\" content=\"Written by\" \/>\n\t<meta name=\"twitter:data1\" content=\"Last Dock\" \/>\n\t<meta name=\"twitter:label2\" content=\"Est. reading time\" \/>\n\t<meta name=\"twitter:data2\" content=\"2 minutes\" \/>\n<script type=\"application\/ld+json\" class=\"yoast-schema-graph\">{\"@context\":\"https:\/\/schema.org\",\"@graph\":[{\"@type\":\"Article\",\"@id\":\"https:\/\/fevas.org\/eu\/fevasek-irisgarritasun-kognitiborako-eskubidea-aldarrikatzen-du\/#article\",\"isPartOf\":{\"@id\":\"https:\/\/fevas.org\/eu\/fevasek-irisgarritasun-kognitiborako-eskubidea-aldarrikatzen-du\/\"},\"author\":{\"name\":\"Last Dock\",\"@id\":\"https:\/\/fevas.org\/#\/schema\/person\/92cf0692af4ef8e4dea64c3894817f34\"},\"headline\":\"FEVASek irisgarritasun kognitiborako eskubidea aldarrikatzen du\",\"datePublished\":\"2017-12-01T11:38:49+00:00\",\"dateModified\":\"2025-02-17T11:23:59+00:00\",\"mainEntityOfPage\":{\"@id\":\"https:\/\/fevas.org\/eu\/fevasek-irisgarritasun-kognitiborako-eskubidea-aldarrikatzen-du\/\"},\"wordCount\":232,\"publisher\":{\"@id\":\"https:\/\/fevas.org\/#organization\"},\"articleSection\":[\"Irisgarritasuna\"],\"inLanguage\":\"eu-ES\"},{\"@type\":\"WebPage\",\"@id\":\"https:\/\/fevas.org\/eu\/fevasek-irisgarritasun-kognitiborako-eskubidea-aldarrikatzen-du\/\",\"url\":\"https:\/\/fevas.org\/eu\/fevasek-irisgarritasun-kognitiborako-eskubidea-aldarrikatzen-du\/\",\"name\":\"FEVASek irisgarritasun kognitiborako eskubidea aldarrikatzen du | FEVAS Plena inclusi\u00f3n Euskadi\",\"isPartOf\":{\"@id\":\"https:\/\/fevas.org\/#website\"},\"datePublished\":\"2017-12-01T11:38:49+00:00\",\"dateModified\":\"2025-02-17T11:23:59+00:00\",\"description\":\"Atzo, azaroak 30, Bilboko Euskalduna Jauregian egindako jardunaldian,90 pertsona bildu zituen FEVASek irisgarritasun kolektiboaaldarrikatzeko eta hari buruz gogoeta egiteko, Desgaitasuna duten Pertsonen Eskubideei buruz NBEren Konbentzioan aitortutako eskubidea dela kontuan izanda.\",\"breadcrumb\":{\"@id\":\"https:\/\/fevas.org\/eu\/fevasek-irisgarritasun-kognitiborako-eskubidea-aldarrikatzen-du\/#breadcrumb\"},\"inLanguage\":\"eu-ES\",\"potentialAction\":[{\"@type\":\"ReadAction\",\"target\":[\"https:\/\/fevas.org\/eu\/fevasek-irisgarritasun-kognitiborako-eskubidea-aldarrikatzen-du\/\"]}]},{\"@type\":\"BreadcrumbList\",\"@id\":\"https:\/\/fevas.org\/eu\/fevasek-irisgarritasun-kognitiborako-eskubidea-aldarrikatzen-du\/#breadcrumb\",\"itemListElement\":[{\"@type\":\"ListItem\",\"position\":1,\"name\":\"Inicio\",\"item\":\"https:\/\/fevas.org\/\"},{\"@type\":\"ListItem\",\"position\":2,\"name\":\"Irisgarritasuna\",\"item\":\"https:\/\/fevas.org\/eu\/category\/irisgarritasuna\/\"},{\"@type\":\"ListItem\",\"position\":3,\"name\":\"FEVASek irisgarritasun kognitiborako eskubidea aldarrikatzen du\"}]},{\"@type\":\"WebSite\",\"@id\":\"https:\/\/fevas.org\/#website\",\"url\":\"https:\/\/fevas.org\/\",\"name\":\"FEVAS Plena inclusi\u00f3n Euskadi\",\"description\":\"Somos una asociaci\u00f3n de entidades que trabaja por los derechos de las personas con discapacidad intelectual o del desarrollo y de sus familias\",\"publisher\":{\"@id\":\"https:\/\/fevas.org\/#organization\"},\"potentialAction\":[{\"@type\":\"SearchAction\",\"target\":{\"@type\":\"EntryPoint\",\"urlTemplate\":\"https:\/\/fevas.org\/?s={search_term_string}\"},\"query-input\":\"required name=search_term_string\"}],\"inLanguage\":\"eu-ES\"},{\"@type\":\"Organization\",\"@id\":\"https:\/\/fevas.org\/#organization\",\"name\":\"FEVAS\",\"url\":\"https:\/\/fevas.org\/\",\"logo\":{\"@type\":\"ImageObject\",\"inLanguage\":\"eu-ES\",\"@id\":\"https:\/\/fevas.org\/#\/schema\/logo\/image\/\",\"url\":\"https:\/\/fevas.org\/wp-content\/uploads\/2024\/01\/fevas-logo.png\",\"contentUrl\":\"https:\/\/fevas.org\/wp-content\/uploads\/2024\/01\/fevas-logo.png\",\"width\":193,\"height\":162,\"caption\":\"FEVAS\"},\"image\":{\"@id\":\"https:\/\/fevas.org\/#\/schema\/logo\/image\/\"}},{\"@type\":\"Person\",\"@id\":\"https:\/\/fevas.org\/#\/schema\/person\/92cf0692af4ef8e4dea64c3894817f34\",\"name\":\"Last Dock\",\"image\":{\"@type\":\"ImageObject\",\"inLanguage\":\"eu-ES\",\"@id\":\"https:\/\/fevas.org\/#\/schema\/person\/image\/\",\"url\":\"https:\/\/secure.gravatar.com\/avatar\/91cbf691847101bd39c422d588a5bf6151cb7e34847461e3e36f63d085d1ea14?s=96&d=mm&r=g\",\"contentUrl\":\"https:\/\/secure.gravatar.com\/avatar\/91cbf691847101bd39c422d588a5bf6151cb7e34847461e3e36f63d085d1ea14?s=96&d=mm&r=g\",\"caption\":\"Last Dock\"},\"sameAs\":[\"https:\/\/fevas.org\"],\"url\":\"https:\/\/fevas.org\/eu\/author\/usr-fev\/\"}]}<\/script>\n<!-- \/ Yoast SEO plugin. -->","yoast_head_json":{"title":"FEVASek irisgarritasun kognitiborako eskubidea aldarrikatzen du | FEVAS Plena inclusi\u00f3n Euskadi","description":"Atzo, azaroak 30, Bilboko Euskalduna Jauregian egindako jardunaldian,90 pertsona bildu zituen FEVASek irisgarritasun kolektiboaaldarrikatzeko eta hari buruz gogoeta egiteko, Desgaitasuna duten Pertsonen Eskubideei buruz NBEren Konbentzioan aitortutako eskubidea dela kontuan izanda.","robots":{"index":"index","follow":"follow","max-snippet":"max-snippet:-1","max-image-preview":"max-image-preview:large","max-video-preview":"max-video-preview:-1"},"canonical":"https:\/\/fevas.org\/eu\/fevasek-irisgarritasun-kognitiborako-eskubidea-aldarrikatzen-du\/","og_locale":"eu_ES","og_type":"article","og_title":"FEVASek irisgarritasun kognitiborako eskubidea aldarrikatzen du | FEVAS Plena inclusi\u00f3n Euskadi","og_description":"Atzo, azaroak 30, Bilboko Euskalduna Jauregian egindako jardunaldian,90 pertsona bildu zituen FEVASek irisgarritasun kolektiboaaldarrikatzeko eta hari buruz gogoeta egiteko, Desgaitasuna duten Pertsonen Eskubideei buruz NBEren Konbentzioan aitortutako eskubidea dela kontuan izanda.","og_url":"https:\/\/fevas.org\/eu\/fevasek-irisgarritasun-kognitiborako-eskubidea-aldarrikatzen-du\/","og_site_name":"FEVAS Plena inclusi\u00f3n Euskadi","article_published_time":"2017-12-01T11:38:49+00:00","article_modified_time":"2025-02-17T11:23:59+00:00","og_image":[{"width":1000,"height":576,"url":"https:\/\/fevas.org\/wp-content\/uploads\/2024\/01\/jornada-ok-e1512129170660.jpg","type":"image\/jpeg"}],"author":"Last Dock","twitter_card":"summary_large_image","twitter_misc":{"Written by":"Last Dock","Est. reading time":"2 minutes"},"schema":{"@context":"https:\/\/schema.org","@graph":[{"@type":"Article","@id":"https:\/\/fevas.org\/eu\/fevasek-irisgarritasun-kognitiborako-eskubidea-aldarrikatzen-du\/#article","isPartOf":{"@id":"https:\/\/fevas.org\/eu\/fevasek-irisgarritasun-kognitiborako-eskubidea-aldarrikatzen-du\/"},"author":{"name":"Last Dock","@id":"https:\/\/fevas.org\/#\/schema\/person\/92cf0692af4ef8e4dea64c3894817f34"},"headline":"FEVASek irisgarritasun kognitiborako eskubidea aldarrikatzen du","datePublished":"2017-12-01T11:38:49+00:00","dateModified":"2025-02-17T11:23:59+00:00","mainEntityOfPage":{"@id":"https:\/\/fevas.org\/eu\/fevasek-irisgarritasun-kognitiborako-eskubidea-aldarrikatzen-du\/"},"wordCount":232,"publisher":{"@id":"https:\/\/fevas.org\/#organization"},"articleSection":["Irisgarritasuna"],"inLanguage":"eu-ES"},{"@type":"WebPage","@id":"https:\/\/fevas.org\/eu\/fevasek-irisgarritasun-kognitiborako-eskubidea-aldarrikatzen-du\/","url":"https:\/\/fevas.org\/eu\/fevasek-irisgarritasun-kognitiborako-eskubidea-aldarrikatzen-du\/","name":"FEVASek irisgarritasun kognitiborako eskubidea aldarrikatzen du | FEVAS Plena inclusi\u00f3n Euskadi","isPartOf":{"@id":"https:\/\/fevas.org\/#website"},"datePublished":"2017-12-01T11:38:49+00:00","dateModified":"2025-02-17T11:23:59+00:00","description":"Atzo, azaroak 30, Bilboko Euskalduna Jauregian egindako jardunaldian,90 pertsona bildu zituen FEVASek irisgarritasun kolektiboaaldarrikatzeko eta hari buruz gogoeta egiteko, Desgaitasuna duten Pertsonen Eskubideei buruz NBEren Konbentzioan aitortutako eskubidea dela kontuan izanda.","breadcrumb":{"@id":"https:\/\/fevas.org\/eu\/fevasek-irisgarritasun-kognitiborako-eskubidea-aldarrikatzen-du\/#breadcrumb"},"inLanguage":"eu-ES","potentialAction":[{"@type":"ReadAction","target":["https:\/\/fevas.org\/eu\/fevasek-irisgarritasun-kognitiborako-eskubidea-aldarrikatzen-du\/"]}]},{"@type":"BreadcrumbList","@id":"https:\/\/fevas.org\/eu\/fevasek-irisgarritasun-kognitiborako-eskubidea-aldarrikatzen-du\/#breadcrumb","itemListElement":[{"@type":"ListItem","position":1,"name":"Inicio","item":"https:\/\/fevas.org\/"},{"@type":"ListItem","position":2,"name":"Irisgarritasuna","item":"https:\/\/fevas.org\/eu\/category\/irisgarritasuna\/"},{"@type":"ListItem","position":3,"name":"FEVASek irisgarritasun kognitiborako eskubidea aldarrikatzen du"}]},{"@type":"WebSite","@id":"https:\/\/fevas.org\/#website","url":"https:\/\/fevas.org\/","name":"FEVAS Plena inclusi\u00f3n Euskadi","description":"Somos una asociaci\u00f3n de entidades que trabaja por los derechos de las personas con discapacidad intelectual o del desarrollo y de sus familias","publisher":{"@id":"https:\/\/fevas.org\/#organization"},"potentialAction":[{"@type":"SearchAction","target":{"@type":"EntryPoint","urlTemplate":"https:\/\/fevas.org\/?s={search_term_string}"},"query-input":"required name=search_term_string"}],"inLanguage":"eu-ES"},{"@type":"Organization","@id":"https:\/\/fevas.org\/#organization","name":"FEVAS","url":"https:\/\/fevas.org\/","logo":{"@type":"ImageObject","inLanguage":"eu-ES","@id":"https:\/\/fevas.org\/#\/schema\/logo\/image\/","url":"https:\/\/fevas.org\/wp-content\/uploads\/2024\/01\/fevas-logo.png","contentUrl":"https:\/\/fevas.org\/wp-content\/uploads\/2024\/01\/fevas-logo.png","width":193,"height":162,"caption":"FEVAS"},"image":{"@id":"https:\/\/fevas.org\/#\/schema\/logo\/image\/"}},{"@type":"Person","@id":"https:\/\/fevas.org\/#\/schema\/person\/92cf0692af4ef8e4dea64c3894817f34","name":"Last Dock","image":{"@type":"ImageObject","inLanguage":"eu-ES","@id":"https:\/\/fevas.org\/#\/schema\/person\/image\/","url":"https:\/\/secure.gravatar.com\/avatar\/91cbf691847101bd39c422d588a5bf6151cb7e34847461e3e36f63d085d1ea14?s=96&d=mm&r=g","contentUrl":"https:\/\/secure.gravatar.com\/avatar\/91cbf691847101bd39c422d588a5bf6151cb7e34847461e3e36f63d085d1ea14?s=96&d=mm&r=g","caption":"Last Dock"},"sameAs":["https:\/\/fevas.org"],"url":"https:\/\/fevas.org\/eu\/author\/usr-fev\/"}]}},"_links":{"self":[{"href":"https:\/\/fevas.org\/eu\/wp-json\/wp\/v2\/posts\/10101","targetHints":{"allow":["GET"]}}],"collection":[{"href":"https:\/\/fevas.org\/eu\/wp-json\/wp\/v2\/posts"}],"about":[{"href":"https:\/\/fevas.org\/eu\/wp-json\/wp\/v2\/types\/post"}],"author":[{"embeddable":true,"href":"https:\/\/fevas.org\/eu\/wp-json\/wp\/v2\/users\/1"}],"replies":[{"embeddable":true,"href":"https:\/\/fevas.org\/eu\/wp-json\/wp\/v2\/comments?post=10101"}],"version-history":[{"count":2,"href":"https:\/\/fevas.org\/eu\/wp-json\/wp\/v2\/posts\/10101\/revisions"}],"predecessor-version":[{"id":14262,"href":"https:\/\/fevas.org\/eu\/wp-json\/wp\/v2\/posts\/10101\/revisions\/14262"}],"wp:featuredmedia":[{"embeddable":true,"href":"https:\/\/fevas.org\/eu\/wp-json\/wp\/v2\/media\/9660"}],"wp:attachment":[{"href":"https:\/\/fevas.org\/eu\/wp-json\/wp\/v2\/media?parent=10101"}],"wp:term":[{"taxonomy":"category","embeddable":true,"href":"https:\/\/fevas.org\/eu\/wp-json\/wp\/v2\/categories?post=10101"},{"taxonomy":"post_tag","embeddable":true,"href":"https:\/\/fevas.org\/eu\/wp-json\/wp\/v2\/tags?post=10101"}],"curies":[{"name":"wp","href":"https:\/\/api.w.org\/{rel}","templated":true}]}}