{"id":10185,"date":"2018-12-04T08:26:11","date_gmt":"2018-12-04T08:26:11","guid":{"rendered":"https:\/\/fevas.org\/fevas-eta-ehlabe-elkarteek-desgaitasun-intelektualak-dituzten-pertsonen-enplegu-publikoan-jarri-dute-fokua\/"},"modified":"2025-02-17T10:13:09","modified_gmt":"2025-02-17T10:13:09","slug":"fevas-eta-ehlabe-elkarteek-desgaitasun-intelektualak-dituzten-pertsonen-enplegu-publikoan-jarri-dute-fokua","status":"publish","type":"post","link":"https:\/\/fevas.org\/eu\/fevas-eta-ehlabe-elkarteek-desgaitasun-intelektualak-dituzten-pertsonen-enplegu-publikoan-jarri-dute-fokua\/","title":{"rendered":"FEVAS eta EHLABE elkarteek desgaitasun intelektualak dituzten pertsonen enplegu publikoan jarri dute fokua"},"content":{"rendered":"<!-- RS_MODULE_CODE_2.5.0 --><div id=\"readspeaker_button10185\" class=\"rs_skip rsbtn rs_preserve\"><a class=\"rsbtn_play\" title=\"Escucha esta p&aacute;gina utilizando ReadSpeaker\" accesskey=\"L\" href=\"https:\/\/app-eu.readspeaker.com\/cgi-bin\/rsent?customerid=8933&amp;lang=es_es&amp;readid=rspeak_read_10185&amp;url=https%3A%2F%2Ffevas.org%2Feu%2Fwp-json%2Fwp%2Fv2%2Fposts%2F10185\"><span class=\"rsbtn_left rsimg rspart\"><span class=\"rsbtn_text\"><span>Escuchar<\/span><\/span><\/span><span class=\"rsbtn_right rsimg rsplay rspart\"><\/span><\/a><\/div><div id=\"rspeak_read_10185\"><p>Atzo, Desgaitasunen Nazioarteko Egunean, FEVAS eta EHLABE elkarteek ehun pertsona inguru elkartu zituzten\u00a0<!--more-->Gasteizko Europa Jauregian,\u00a0\u00a0\u201cAurrerapauso bat desgaitasun intelektualak dituzten pertsonen enplegu publikoan\u201d izenburua zuen jardunaldi batean. Bertan, administrazio publikoek hirugarren sektoreko erakundeekin elkarlanean garatutako zenbait jardunbide egoki aurkeztu zituzten.<\/p>\n<p>Inaugurazioan izan ziren, besteak beste, FEVASeko presidente Hugo Baroja, EHLABEko presidente Txema Franco, Enplegu eta Gazteriako sailburuorde Marcos Muro, Funtzio Publikoko sailburuorde Andr\u00e9s Zearreta eta Arabako Foru Aldundiko Zerbitzu Sozialen diputatu Marian Olabarrieta. Kolektibo horren aukera-berdintasuna sustatzen duten ekimenen garrantzia azpimarratu zuten, eta administrazioaren eta desgaitasunak dituztenen elkarteen arteko lankidetzari balioa eman zioten.<\/p>\n<p>Gerora, honako hauek hartu zuten hitza: Hautaketa Zerbitzuko eta Lanbide Heziketako buru Mar\u00eda Jos\u00e9 Vallejo eta Arriskuen Prebentzio eta Laneko Osasun Zerbitzuko buru Ana Bel\u00e9n Barahona, biak ala biak Bizkaiko Foru Aldundikoak; Gipuzkoako Foru Aldundiko Araubide Juridikoko eta Funtzio Publikoko buru Maite Barruetabe\u00f1a; eta IVAPeko Gaikuntza eta Hizkuntza Normalkuntza Zerbitzuko Ebaluazio Arloko teknikaria.\u00a0 Emakume horiek azaldu zuten euren erakundeen zer-nolako prozesuak jarri diren martxan desgaitasun intelektualak dituzten pertsonak funtzio publikoan txertatzeko.<\/p>\n<p>Ukitu pertsonala Unai Serranok eta Jon Lauciricak eman zioten jardunaldiari; biek ala biek Bizkaiko Foru Aldundiaren EPEan plaza atera dute. Horrez gain, Beatriz Parrak (Gaude elkartearen laneko gaikuntza eta enplegu lagunduaren CIVIS programaren arduraduna) eta Silvia Garc\u00edak (Down sindromea eta beste desgaitasun intelektual batzuk dituztenen Euskadiko Fundazioko zuzendari teknikoak) Bizkaiko Foru Aldundiak deitutako EPEan izandako esperientzia partekatu zuten.<\/p>\n<p>Lehen pertsonan emandako lekukotza horien ondoren, Plena Inclusi\u00f3n elkarteko Enplegu arloko arduradun Silvia Mu\u00f1ozek hartu zuen hitza, \u201cDesgaitasun intelektualak dituzten pertsonak funtzio publikoan sar daitezela sustatzeko ikaskuntzak\u201d izeneko hitzaldia emateko; bertan, erreferentziatzat har daitezkeen estatuko beste ekimen batzuk berrikusi zituen.<\/p>\n<p>Ekitaldia Nerea Melgosak itxi zuen, Gasteizko Udaleko Enplegu eta Garapen Ekonomiko Iraunkorreko Saileko zinegotzi delegatuak eta Bizikidetza eta Aniztasuna Saileko zinegotzi delegatuak, EHLABEko koordinatzaile Pablo Moratallarekin batera. Hark nabarmendu zuen benetan bete behar dela desgaitasun intelektualak dituzten pertsonak kontratatzeko %\u00a02ko legezko kuota, eta lankidetzaren garrantzia azpimarratu zuen. Hantxe izan zen Valeria Garc\u00eda-Landarte FEVASeko zuzendaria ere; eskerrak eman zizkien bertaratuei, eta gogorarazi zuen FEVASek <a href=\"https:\/\/fevas.org\/?wpfb_dl=140\">aldizkari monografiko<\/a> bat argitaratu duela gai horietan sakontzeko.<\/p>\n<\/div>","protected":false},"excerpt":{"rendered":"<p><!-- RS_MODULE_CODE_2.5.0 --><\/p>\n<div id=\"readspeaker_button10185\" class=\"rs_skip rsbtn rs_preserve\"><a class=\"rsbtn_play\" title=\"Escucha esta p&aacute;gina utilizando ReadSpeaker\" accesskey=\"L\" href=\"https:\/\/app-eu.readspeaker.com\/cgi-bin\/rsent?customerid=8933&amp;lang=es_es&amp;readid=rspeak_read_10185&amp;url=https%3A%2F%2Ffevas.org%2Feu%2Fwp-json%2Fwp%2Fv2%2Fposts%2F10185\"><span class=\"rsbtn_left rsimg rspart\"><span class=\"rsbtn_text\"><span>Escuchar<\/span><\/span><\/span><span class=\"rsbtn_right rsimg rsplay rspart\"><\/span><\/a><\/div>\n<div id=\"rspeak_read_10185\">Atzo, Desgaitasunen Nazioarteko Egunean, FEVAS eta EHLABE elkarteek ehun pertsona inguru elkartu zituzten\u00a0Gasteizko Europa Jauregian,\u00a0\u00a0\u201cAurrerapauso bat desgaitasun intelektualak dituzten pertsonen enplegu publikoan\u201d izenburua zuen jardunaldi batean.<\/div>\n","protected":false},"author":1,"featured_media":10186,"comment_status":"closed","ping_status":"closed","sticky":false,"template":"","format":"standard","meta":{"footnotes":""},"categories":[83],"tags":[],"class_list":["post-10185","post","type-post","status-publish","format-standard","has-post-thumbnail","hentry","category-eskubideak"],"acf":[],"yoast_head":"<!-- This site is optimized with the Yoast SEO plugin v21.9.1 - https:\/\/yoast.com\/wordpress\/plugins\/seo\/ -->\n<title>FEVAS eta EHLABE elkarteek desgaitasun intelektualak dituzten pertsonen enplegu publikoan jarri dute fokua | FEVAS Plena inclusi\u00f3n Euskadi<\/title>\n<meta name=\"description\" content=\"Atzo, Desgaitasunen Nazioarteko Egunean, FEVAS eta EHLABE elkarteek ehun pertsona inguru elkartu zituzten\u00a0Gasteizko Europa Jauregian,\u00a0\u00a0\u201cAurrerapauso bat desgaitasun intelektualak dituzten pertsonen enplegu publikoan\u201d izenburua zuen jardunaldi batean.\" \/>\n<meta name=\"robots\" content=\"index, follow, max-snippet:-1, max-image-preview:large, max-video-preview:-1\" \/>\n<link rel=\"canonical\" href=\"https:\/\/fevas.org\/eu\/fevas-eta-ehlabe-elkarteek-desgaitasun-intelektualak-dituzten-pertsonen-enplegu-publikoan-jarri-dute-fokua\/\" \/>\n<meta property=\"og:locale\" content=\"eu_ES\" \/>\n<meta property=\"og:type\" content=\"article\" \/>\n<meta property=\"og:title\" content=\"FEVAS eta EHLABE elkarteek desgaitasun intelektualak dituzten pertsonen enplegu publikoan jarri dute fokua | FEVAS Plena inclusi\u00f3n Euskadi\" \/>\n<meta property=\"og:description\" content=\"Atzo, Desgaitasunen Nazioarteko Egunean, FEVAS eta EHLABE elkarteek ehun pertsona inguru elkartu zituzten\u00a0Gasteizko Europa Jauregian,\u00a0\u00a0\u201cAurrerapauso bat desgaitasun intelektualak dituzten pertsonen enplegu publikoan\u201d izenburua zuen jardunaldi batean.\" \/>\n<meta property=\"og:url\" content=\"https:\/\/fevas.org\/eu\/fevas-eta-ehlabe-elkarteek-desgaitasun-intelektualak-dituzten-pertsonen-enplegu-publikoan-jarri-dute-fokua\/\" \/>\n<meta property=\"og:site_name\" content=\"FEVAS Plena inclusi\u00f3n Euskadi\" \/>\n<meta property=\"article:published_time\" content=\"2018-12-04T08:26:11+00:00\" \/>\n<meta property=\"article:modified_time\" content=\"2025-02-17T10:13:09+00:00\" \/>\n<meta property=\"og:image\" content=\"https:\/\/fevas.org\/wp-content\/uploads\/2024\/01\/AAAAAAAIMG_20181203_.jpg\" \/>\n\t<meta property=\"og:image:width\" content=\"2048\" \/>\n\t<meta property=\"og:image:height\" content=\"1322\" \/>\n\t<meta property=\"og:image:type\" content=\"image\/jpeg\" \/>\n<meta name=\"author\" content=\"Last Dock\" \/>\n<meta name=\"twitter:card\" content=\"summary_large_image\" \/>\n<meta name=\"twitter:label1\" content=\"Written by\" \/>\n\t<meta name=\"twitter:data1\" content=\"Last Dock\" \/>\n\t<meta name=\"twitter:label2\" content=\"Est. reading time\" \/>\n\t<meta name=\"twitter:data2\" content=\"2 minutes\" \/>\n<script type=\"application\/ld+json\" class=\"yoast-schema-graph\">{\"@context\":\"https:\/\/schema.org\",\"@graph\":[{\"@type\":\"Article\",\"@id\":\"https:\/\/fevas.org\/eu\/fevas-eta-ehlabe-elkarteek-desgaitasun-intelektualak-dituzten-pertsonen-enplegu-publikoan-jarri-dute-fokua\/#article\",\"isPartOf\":{\"@id\":\"https:\/\/fevas.org\/eu\/fevas-eta-ehlabe-elkarteek-desgaitasun-intelektualak-dituzten-pertsonen-enplegu-publikoan-jarri-dute-fokua\/\"},\"author\":{\"name\":\"Last Dock\",\"@id\":\"https:\/\/fevas.org\/#\/schema\/person\/92cf0692af4ef8e4dea64c3894817f34\"},\"headline\":\"FEVAS eta EHLABE elkarteek desgaitasun intelektualak dituzten pertsonen enplegu publikoan jarri dute fokua\",\"datePublished\":\"2018-12-04T08:26:11+00:00\",\"dateModified\":\"2025-02-17T10:13:09+00:00\",\"mainEntityOfPage\":{\"@id\":\"https:\/\/fevas.org\/eu\/fevas-eta-ehlabe-elkarteek-desgaitasun-intelektualak-dituzten-pertsonen-enplegu-publikoan-jarri-dute-fokua\/\"},\"wordCount\":355,\"publisher\":{\"@id\":\"https:\/\/fevas.org\/#organization\"},\"articleSection\":[\"Eskubideak\"],\"inLanguage\":\"eu-ES\"},{\"@type\":\"WebPage\",\"@id\":\"https:\/\/fevas.org\/eu\/fevas-eta-ehlabe-elkarteek-desgaitasun-intelektualak-dituzten-pertsonen-enplegu-publikoan-jarri-dute-fokua\/\",\"url\":\"https:\/\/fevas.org\/eu\/fevas-eta-ehlabe-elkarteek-desgaitasun-intelektualak-dituzten-pertsonen-enplegu-publikoan-jarri-dute-fokua\/\",\"name\":\"FEVAS eta EHLABE elkarteek desgaitasun intelektualak dituzten pertsonen enplegu publikoan jarri dute fokua | FEVAS Plena inclusi\u00f3n Euskadi\",\"isPartOf\":{\"@id\":\"https:\/\/fevas.org\/#website\"},\"datePublished\":\"2018-12-04T08:26:11+00:00\",\"dateModified\":\"2025-02-17T10:13:09+00:00\",\"description\":\"Atzo, Desgaitasunen Nazioarteko Egunean, FEVAS eta EHLABE elkarteek ehun pertsona inguru elkartu zituzten\u00a0Gasteizko Europa Jauregian,\u00a0\u00a0\u201cAurrerapauso bat desgaitasun intelektualak dituzten pertsonen enplegu publikoan\u201d izenburua zuen jardunaldi batean.\",\"breadcrumb\":{\"@id\":\"https:\/\/fevas.org\/eu\/fevas-eta-ehlabe-elkarteek-desgaitasun-intelektualak-dituzten-pertsonen-enplegu-publikoan-jarri-dute-fokua\/#breadcrumb\"},\"inLanguage\":\"eu-ES\",\"potentialAction\":[{\"@type\":\"ReadAction\",\"target\":[\"https:\/\/fevas.org\/eu\/fevas-eta-ehlabe-elkarteek-desgaitasun-intelektualak-dituzten-pertsonen-enplegu-publikoan-jarri-dute-fokua\/\"]}]},{\"@type\":\"BreadcrumbList\",\"@id\":\"https:\/\/fevas.org\/eu\/fevas-eta-ehlabe-elkarteek-desgaitasun-intelektualak-dituzten-pertsonen-enplegu-publikoan-jarri-dute-fokua\/#breadcrumb\",\"itemListElement\":[{\"@type\":\"ListItem\",\"position\":1,\"name\":\"Inicio\",\"item\":\"https:\/\/fevas.org\/\"},{\"@type\":\"ListItem\",\"position\":2,\"name\":\"Eskubideak\",\"item\":\"https:\/\/fevas.org\/eu\/category\/eskubideak\/\"},{\"@type\":\"ListItem\",\"position\":3,\"name\":\"FEVAS eta EHLABE elkarteek desgaitasun intelektualak dituzten pertsonen enplegu publikoan jarri dute fokua\"}]},{\"@type\":\"WebSite\",\"@id\":\"https:\/\/fevas.org\/#website\",\"url\":\"https:\/\/fevas.org\/\",\"name\":\"FEVAS Plena inclusi\u00f3n Euskadi\",\"description\":\"Somos una asociaci\u00f3n de entidades que trabaja por los derechos de las personas con discapacidad intelectual o del desarrollo y de sus familias\",\"publisher\":{\"@id\":\"https:\/\/fevas.org\/#organization\"},\"potentialAction\":[{\"@type\":\"SearchAction\",\"target\":{\"@type\":\"EntryPoint\",\"urlTemplate\":\"https:\/\/fevas.org\/?s={search_term_string}\"},\"query-input\":\"required name=search_term_string\"}],\"inLanguage\":\"eu-ES\"},{\"@type\":\"Organization\",\"@id\":\"https:\/\/fevas.org\/#organization\",\"name\":\"FEVAS\",\"url\":\"https:\/\/fevas.org\/\",\"logo\":{\"@type\":\"ImageObject\",\"inLanguage\":\"eu-ES\",\"@id\":\"https:\/\/fevas.org\/#\/schema\/logo\/image\/\",\"url\":\"https:\/\/fevas.org\/wp-content\/uploads\/2024\/01\/fevas-logo.png\",\"contentUrl\":\"https:\/\/fevas.org\/wp-content\/uploads\/2024\/01\/fevas-logo.png\",\"width\":193,\"height\":162,\"caption\":\"FEVAS\"},\"image\":{\"@id\":\"https:\/\/fevas.org\/#\/schema\/logo\/image\/\"}},{\"@type\":\"Person\",\"@id\":\"https:\/\/fevas.org\/#\/schema\/person\/92cf0692af4ef8e4dea64c3894817f34\",\"name\":\"Last Dock\",\"image\":{\"@type\":\"ImageObject\",\"inLanguage\":\"eu-ES\",\"@id\":\"https:\/\/fevas.org\/#\/schema\/person\/image\/\",\"url\":\"https:\/\/secure.gravatar.com\/avatar\/91cbf691847101bd39c422d588a5bf6151cb7e34847461e3e36f63d085d1ea14?s=96&d=mm&r=g\",\"contentUrl\":\"https:\/\/secure.gravatar.com\/avatar\/91cbf691847101bd39c422d588a5bf6151cb7e34847461e3e36f63d085d1ea14?s=96&d=mm&r=g\",\"caption\":\"Last Dock\"},\"sameAs\":[\"https:\/\/fevas.org\"],\"url\":\"https:\/\/fevas.org\/eu\/author\/usr-fev\/\"}]}<\/script>\n<!-- \/ Yoast SEO plugin. -->","yoast_head_json":{"title":"FEVAS eta EHLABE elkarteek desgaitasun intelektualak dituzten pertsonen enplegu publikoan jarri dute fokua | FEVAS Plena inclusi\u00f3n Euskadi","description":"Atzo, Desgaitasunen Nazioarteko Egunean, FEVAS eta EHLABE elkarteek ehun pertsona inguru elkartu zituzten\u00a0Gasteizko Europa Jauregian,\u00a0\u00a0\u201cAurrerapauso bat desgaitasun intelektualak dituzten pertsonen enplegu publikoan\u201d izenburua zuen jardunaldi batean.","robots":{"index":"index","follow":"follow","max-snippet":"max-snippet:-1","max-image-preview":"max-image-preview:large","max-video-preview":"max-video-preview:-1"},"canonical":"https:\/\/fevas.org\/eu\/fevas-eta-ehlabe-elkarteek-desgaitasun-intelektualak-dituzten-pertsonen-enplegu-publikoan-jarri-dute-fokua\/","og_locale":"eu_ES","og_type":"article","og_title":"FEVAS eta EHLABE elkarteek desgaitasun intelektualak dituzten pertsonen enplegu publikoan jarri dute fokua | FEVAS Plena inclusi\u00f3n Euskadi","og_description":"Atzo, Desgaitasunen Nazioarteko Egunean, FEVAS eta EHLABE elkarteek ehun pertsona inguru elkartu zituzten\u00a0Gasteizko Europa Jauregian,\u00a0\u00a0\u201cAurrerapauso bat desgaitasun intelektualak dituzten pertsonen enplegu publikoan\u201d izenburua zuen jardunaldi batean.","og_url":"https:\/\/fevas.org\/eu\/fevas-eta-ehlabe-elkarteek-desgaitasun-intelektualak-dituzten-pertsonen-enplegu-publikoan-jarri-dute-fokua\/","og_site_name":"FEVAS Plena inclusi\u00f3n Euskadi","article_published_time":"2018-12-04T08:26:11+00:00","article_modified_time":"2025-02-17T10:13:09+00:00","og_image":[{"width":2048,"height":1322,"url":"https:\/\/fevas.org\/wp-content\/uploads\/2024\/01\/AAAAAAAIMG_20181203_.jpg","type":"image\/jpeg"}],"author":"Last Dock","twitter_card":"summary_large_image","twitter_misc":{"Written by":"Last Dock","Est. reading time":"2 minutes"},"schema":{"@context":"https:\/\/schema.org","@graph":[{"@type":"Article","@id":"https:\/\/fevas.org\/eu\/fevas-eta-ehlabe-elkarteek-desgaitasun-intelektualak-dituzten-pertsonen-enplegu-publikoan-jarri-dute-fokua\/#article","isPartOf":{"@id":"https:\/\/fevas.org\/eu\/fevas-eta-ehlabe-elkarteek-desgaitasun-intelektualak-dituzten-pertsonen-enplegu-publikoan-jarri-dute-fokua\/"},"author":{"name":"Last Dock","@id":"https:\/\/fevas.org\/#\/schema\/person\/92cf0692af4ef8e4dea64c3894817f34"},"headline":"FEVAS eta EHLABE elkarteek desgaitasun intelektualak dituzten pertsonen enplegu publikoan jarri dute fokua","datePublished":"2018-12-04T08:26:11+00:00","dateModified":"2025-02-17T10:13:09+00:00","mainEntityOfPage":{"@id":"https:\/\/fevas.org\/eu\/fevas-eta-ehlabe-elkarteek-desgaitasun-intelektualak-dituzten-pertsonen-enplegu-publikoan-jarri-dute-fokua\/"},"wordCount":355,"publisher":{"@id":"https:\/\/fevas.org\/#organization"},"articleSection":["Eskubideak"],"inLanguage":"eu-ES"},{"@type":"WebPage","@id":"https:\/\/fevas.org\/eu\/fevas-eta-ehlabe-elkarteek-desgaitasun-intelektualak-dituzten-pertsonen-enplegu-publikoan-jarri-dute-fokua\/","url":"https:\/\/fevas.org\/eu\/fevas-eta-ehlabe-elkarteek-desgaitasun-intelektualak-dituzten-pertsonen-enplegu-publikoan-jarri-dute-fokua\/","name":"FEVAS eta EHLABE elkarteek desgaitasun intelektualak dituzten pertsonen enplegu publikoan jarri dute fokua | FEVAS Plena inclusi\u00f3n Euskadi","isPartOf":{"@id":"https:\/\/fevas.org\/#website"},"datePublished":"2018-12-04T08:26:11+00:00","dateModified":"2025-02-17T10:13:09+00:00","description":"Atzo, Desgaitasunen Nazioarteko Egunean, FEVAS eta EHLABE elkarteek ehun pertsona inguru elkartu zituzten\u00a0Gasteizko Europa Jauregian,\u00a0\u00a0\u201cAurrerapauso bat desgaitasun intelektualak dituzten pertsonen enplegu publikoan\u201d izenburua zuen jardunaldi batean.","breadcrumb":{"@id":"https:\/\/fevas.org\/eu\/fevas-eta-ehlabe-elkarteek-desgaitasun-intelektualak-dituzten-pertsonen-enplegu-publikoan-jarri-dute-fokua\/#breadcrumb"},"inLanguage":"eu-ES","potentialAction":[{"@type":"ReadAction","target":["https:\/\/fevas.org\/eu\/fevas-eta-ehlabe-elkarteek-desgaitasun-intelektualak-dituzten-pertsonen-enplegu-publikoan-jarri-dute-fokua\/"]}]},{"@type":"BreadcrumbList","@id":"https:\/\/fevas.org\/eu\/fevas-eta-ehlabe-elkarteek-desgaitasun-intelektualak-dituzten-pertsonen-enplegu-publikoan-jarri-dute-fokua\/#breadcrumb","itemListElement":[{"@type":"ListItem","position":1,"name":"Inicio","item":"https:\/\/fevas.org\/"},{"@type":"ListItem","position":2,"name":"Eskubideak","item":"https:\/\/fevas.org\/eu\/category\/eskubideak\/"},{"@type":"ListItem","position":3,"name":"FEVAS eta EHLABE elkarteek desgaitasun intelektualak dituzten pertsonen enplegu publikoan jarri dute fokua"}]},{"@type":"WebSite","@id":"https:\/\/fevas.org\/#website","url":"https:\/\/fevas.org\/","name":"FEVAS Plena inclusi\u00f3n Euskadi","description":"Somos una asociaci\u00f3n de entidades que trabaja por los derechos de las personas con discapacidad intelectual o del desarrollo y de sus familias","publisher":{"@id":"https:\/\/fevas.org\/#organization"},"potentialAction":[{"@type":"SearchAction","target":{"@type":"EntryPoint","urlTemplate":"https:\/\/fevas.org\/?s={search_term_string}"},"query-input":"required name=search_term_string"}],"inLanguage":"eu-ES"},{"@type":"Organization","@id":"https:\/\/fevas.org\/#organization","name":"FEVAS","url":"https:\/\/fevas.org\/","logo":{"@type":"ImageObject","inLanguage":"eu-ES","@id":"https:\/\/fevas.org\/#\/schema\/logo\/image\/","url":"https:\/\/fevas.org\/wp-content\/uploads\/2024\/01\/fevas-logo.png","contentUrl":"https:\/\/fevas.org\/wp-content\/uploads\/2024\/01\/fevas-logo.png","width":193,"height":162,"caption":"FEVAS"},"image":{"@id":"https:\/\/fevas.org\/#\/schema\/logo\/image\/"}},{"@type":"Person","@id":"https:\/\/fevas.org\/#\/schema\/person\/92cf0692af4ef8e4dea64c3894817f34","name":"Last Dock","image":{"@type":"ImageObject","inLanguage":"eu-ES","@id":"https:\/\/fevas.org\/#\/schema\/person\/image\/","url":"https:\/\/secure.gravatar.com\/avatar\/91cbf691847101bd39c422d588a5bf6151cb7e34847461e3e36f63d085d1ea14?s=96&d=mm&r=g","contentUrl":"https:\/\/secure.gravatar.com\/avatar\/91cbf691847101bd39c422d588a5bf6151cb7e34847461e3e36f63d085d1ea14?s=96&d=mm&r=g","caption":"Last Dock"},"sameAs":["https:\/\/fevas.org"],"url":"https:\/\/fevas.org\/eu\/author\/usr-fev\/"}]}},"_links":{"self":[{"href":"https:\/\/fevas.org\/eu\/wp-json\/wp\/v2\/posts\/10185","targetHints":{"allow":["GET"]}}],"collection":[{"href":"https:\/\/fevas.org\/eu\/wp-json\/wp\/v2\/posts"}],"about":[{"href":"https:\/\/fevas.org\/eu\/wp-json\/wp\/v2\/types\/post"}],"author":[{"embeddable":true,"href":"https:\/\/fevas.org\/eu\/wp-json\/wp\/v2\/users\/1"}],"replies":[{"embeddable":true,"href":"https:\/\/fevas.org\/eu\/wp-json\/wp\/v2\/comments?post=10185"}],"version-history":[{"count":2,"href":"https:\/\/fevas.org\/eu\/wp-json\/wp\/v2\/posts\/10185\/revisions"}],"predecessor-version":[{"id":14214,"href":"https:\/\/fevas.org\/eu\/wp-json\/wp\/v2\/posts\/10185\/revisions\/14214"}],"wp:featuredmedia":[{"embeddable":true,"href":"https:\/\/fevas.org\/eu\/wp-json\/wp\/v2\/media\/10186"}],"wp:attachment":[{"href":"https:\/\/fevas.org\/eu\/wp-json\/wp\/v2\/media?parent=10185"}],"wp:term":[{"taxonomy":"category","embeddable":true,"href":"https:\/\/fevas.org\/eu\/wp-json\/wp\/v2\/categories?post=10185"},{"taxonomy":"post_tag","embeddable":true,"href":"https:\/\/fevas.org\/eu\/wp-json\/wp\/v2\/tags?post=10185"}],"curies":[{"name":"wp","href":"https:\/\/api.w.org\/{rel}","templated":true}]}}